{"id":15311,"date":"2020-07-27T01:21:24","date_gmt":"2020-07-27T01:21:24","guid":{"rendered":"http:\/\/www.dabus.com.br\/blog\/?p=15311"},"modified":"2020-07-27T01:24:16","modified_gmt":"2020-07-27T01:24:16","slug":"medidas-franquias-na-pandemia","status":"publish","type":"post","link":"https:\/\/www.dabusarquitetura.com.br\/blog\/medidas-franquias-na-pandemia\/","title":{"rendered":"5 medidas para as franquias na pandemia"},"content":{"rendered":"\n<div class=\"wp-block-image\"><figure class=\"aligncenter\"><img decoding=\"async\" loading=\"lazy\" width=\"834\" height=\"317\" src=\"http:\/\/www.dabus.com.br\/blog\/wp-content\/uploads\/2020\/07\/franquias-na-pandemia.png\" alt=\"Franquias nas pandemia\" class=\"wp-image-15312\" srcset=\"https:\/\/www.dabusarquitetura.com.br\/blog\/wp-content\/uploads\/2020\/07\/franquias-na-pandemia.png 834w, https:\/\/www.dabusarquitetura.com.br\/blog\/wp-content\/uploads\/2020\/07\/franquias-na-pandemia-300x114.png 300w, https:\/\/www.dabusarquitetura.com.br\/blog\/wp-content\/uploads\/2020\/07\/franquias-na-pandemia-768x292.png 768w\" sizes=\"(max-width: 834px) 100vw, 834px\" \/><\/figure><\/div>\n\n\n\n<p>Momentos de crise trazem uma s\u00e9rie de desafios. Um deles \u00e9 encontrar brechas para explorar novas oportunidades. Para as <strong>franquias na pandemia<\/strong> n\u00e3o tem sido diferente. Remodelar o neg\u00f3cio em cadeia exige muito estudo, disposi\u00e7\u00e3o e coragem. Contudo, \u00e9 essencial para quem pretende se manter no mercado.<\/p>\n\n\n\n<p>Com as restri\u00e7\u00f5es impostas pelas medidas de preven\u00e7\u00e3o ao coronav\u00edrus, diversos setores tiveram de se reinventar. Em boa parte dos casos, a internet se mostrou uma ferramenta essencial. Al\u00e9m disso, no segmento de franchising, uma tend\u00eancia observada em per\u00edodos de retra\u00e7\u00e3o \u00e9 a aposta nas chamadas <strong>microfranquias<\/strong>. <\/p>\n\n\n\n<p>De acordo com uma pesquisa da <a href=\"https:\/\/www.abf.com.br\/\">Associa\u00e7\u00e3o Brasileira de Franchising<\/a> (ABF), a quantidade de marcas que j\u00e1 vinha atuando com modelos mais econ\u00f4micos cresceu 14% nos \u00faltimos quatro anos.<\/p>\n\n\n\n<h2 class=\"wp-block-heading\">Futuro e presente das franquias na pandemia<\/h2>\n\n\n\n<p>Apesar de muitas perguntas sobre o \u201cnovo normal\u201d ainda permanecerem, o <strong>planejamento das a\u00e7\u00f5es de retomada <\/strong>n\u00e3o podem ser deixado de lado. Mas, para que haja um \u201cdepois\u201d \u00e9 indispens\u00e1vel cuidar do \u201cagora\u201d.<\/p>\n\n\n\n<p>O que pode ser feito? Acompanhe as dicas!<\/p>\n\n\n\n<h3 class=\"wp-block-heading\">1. Capriche na gest\u00e3o da marca<\/h3>\n\n\n\n<p>As franquias na pandemia, assim como outras empresas, precisam demonstrar a <strong>valoriza\u00e7\u00e3o ao ser humano<\/strong>. Isso pode ser feito por meio de descontos, servi\u00e7os de entrega e libera\u00e7\u00e3o de mais canais de atendimento, por exemplo. Os consumidores n\u00e3o devem enxergar a marca como oportunista. Caso contr\u00e1rio, ela pode ser \u201ccancelada\u201d em longo prazo. \u00c9 preciso pensar adiante e se posicionar como um <strong>neg\u00f3cio amigo de seus clientes<\/strong>. O per\u00edodo da crise servir\u00e1 para provar (ou n\u00e3o) os valores do neg\u00f3cio. Assim, capriche na gest\u00e3o de sua imagem. <\/p>\n\n\n\n<h3 class=\"wp-block-heading\">2. Fortale\u00e7a a comunica\u00e7\u00e3o interna<\/h3>\n\n\n\n<p>Al\u00e9m de estabelecer uma comunica\u00e7\u00e3o mais estreita com o consumidor, a franquia deve buscar trazer para mais perto tamb\u00e9m o p\u00fablico interno. O momento pede <strong>total alinhamento<\/strong> com as a\u00e7\u00f5es e pol\u00edticas estabelecidas. Para tanto \u00e9 poss\u00edvel recorrer a videoconfer\u00eancias semanais, disponibiliza\u00e7\u00e3o de materiais educativos, cria\u00e7\u00e3o de canais de emerg\u00eancia, entre outras medidas. Sem falar a mesma a l\u00edngua ser\u00e1 imposs\u00edvel desenvolver um <strong>branding bem-sucedido<\/strong>.<\/p>\n\n\n\n<h3 class=\"wp-block-heading\">3. Aproveite para treinar<\/h3>\n\n\n\n<p>\u00c9pocas de baixa atividade podem (e devem) ser aproveitadas para rever, corrigir ou refor\u00e7ar os esfor\u00e7os realizados. Nesse sentido, as atualiza\u00e7\u00f5es e treinamentos s\u00e3o excelentes, tanto para os antigos franqueados quanto para os novos. Explore as variadas op\u00e7\u00f5es de <strong>cursos que surgiram na internet<\/strong>. \u00c9 poss\u00edvel aprimorar as capacidades sem correr riscos \u00e0 sa\u00fade!<\/p>\n\n\n\n<h3 class=\"wp-block-heading\">4. N\u00e3o aceite qualquer neg\u00f3cio<\/h3>\n\n\n\n<p>As franquias na pandemia devem tomar muito cuidado para <strong>n\u00e3o rebaixar os seus padr\u00f5es<\/strong> a ponto de aceitar qualquer perfil de franqueado. As franqueadoras precisam manter suas condi\u00e7\u00f5es quanto \u00e0 capacidade operacional ou financeira necess\u00e1ria para que a sua atua\u00e7\u00e3o seja sustent\u00e1vel. De modo diferente, elas correr\u00e3o o risco de quebrarem ap\u00f3s o surto.<\/p>\n\n\n\n<h3 class=\"wp-block-heading\">5. Negocie pre\u00e7os<\/h3>\n\n\n\n<p>Uma boa <strong>gest\u00e3o financeira<\/strong> \u00e9 crucial para uma empresa manter as portas abertas. Por conta da pandemia, ela teve de se tornar ainda mais estrat\u00e9gica. Parte disso tem a ver com as negocia\u00e7\u00f5es, sejam referentes aos custos fixos ou com os investimentos, de forma geral. Buscar melhores pre\u00e7os junto a fornecedores, renegociar alugu\u00e9is e postergar o pagamento de alguns impostos, conforme j\u00e1 autorizado pelo governo, s\u00e3o algumas provid\u00eancias que podem ser tomadas. Todos est\u00e3o no \u201cmesmo barco\u201d. Portanto, a flexibilidade tende a ser maior.<\/p>\n\n\n\n<p>A <strong>DABUS<\/strong> <strong>ARQUITETURA <\/strong>\u00e9 especialista em <a href=\"https:\/\/www.dabus.com.br\/site\/arquitetura-franquias\"><strong>Arquitetura de Franquias<\/strong><\/a><strong>.<\/strong> Por isso, est\u00e1\u00a0 preparada para ajudar o seu neg\u00f3cio a retomar o seu processo de expans\u00e3o de modo inteligente, econ\u00f4mico e sustent\u00e1vel. O mesmo vale para projetos de adapta\u00e7\u00e3o do espa\u00e7o \u00e0s novas normas a serem seguidas ap\u00f3s a reabertura. <\/p>\n\n\n\n<p>Para saber mais, basta entrar em contato pelo WhatsApp &#x1f449; <strong>(11) 98327-6060<\/strong>.<\/p>\n\n\n\n<p style=\"text-align:center\">Refer\u00eancias: <a href=\"https:\/\/centraldofranqueado.com.br\/blog\/impacto-coronavirus-franchising\/\">Blog Central do Franqueado<\/a>, <a href=\"https:\/\/revistapegn.globo.com\/Franquias\/noticia\/2020\/04\/coronavirus-agora-e-hora-de-comprar-uma-franquia.html\">Revista PEGN<\/a>, <a href=\"https:\/\/www.suafranquia.com\/noticias\/negocios-e-servicos\/2020\/03\/donos-de-franquias-avaliam-o-atual-cenario-economico-e-dao-dicas-de-como-sobreviver-a-crise-gerada-pela-pandemia-do-coronavirus\/\">Sua Franquia<\/a>. <\/p>\n","protected":false},"excerpt":{"rendered":"<p>Momentos de crise trazem uma s\u00e9rie de desafios. Um deles \u00e9 encontrar brechas para explorar novas oportunidades. Para as franquias na pandemia n\u00e3o tem sido [&hellip;]<\/p>\n","protected":false},"author":3,"featured_media":0,"comment_status":"open","ping_status":"open","sticky":false,"template":"","format":"standard","meta":[],"categories":[49],"tags":[],"yoast_head":"<!-- This site is optimized with the Yoast SEO plugin v20.8 - https:\/\/yoast.com\/wordpress\/plugins\/seo\/ -->\n<title>5 medidas para as franquias na pandemia. Saiba como avan\u00e7ar!<\/title>\n<meta name=\"description\" content=\"As franquias na pandemia precisam desenvolver a\u00e7\u00f5es que prezem pela iamgem da marca e construam pontes para atua\u00e7\u00e3o futura. Conhe\u00e7a as estrat\u00e9gias!\" \/>\n<meta name=\"robots\" content=\"index, follow, max-snippet:-1, max-image-preview:large, max-video-preview:-1\" \/>\n<link rel=\"canonical\" href=\"https:\/\/www.dabusarquitetura.com.br\/blog\/medidas-franquias-na-pandemia\/\" \/>\n<meta property=\"og:locale\" content=\"pt_BR\" \/>\n<meta property=\"og:type\" content=\"article\" \/>\n<meta property=\"og:title\" content=\"5 medidas para as franquias na pandemia. Saiba como avan\u00e7ar!\" \/>\n<meta property=\"og:description\" content=\"As franquias na pandemia precisam desenvolver a\u00e7\u00f5es que prezem pela iamgem da marca e construam pontes para atua\u00e7\u00e3o futura. Conhe\u00e7a as estrat\u00e9gias!\" \/>\n<meta property=\"og:url\" content=\"https:\/\/www.dabusarquitetura.com.br\/blog\/medidas-franquias-na-pandemia\/\" \/>\n<meta property=\"og:site_name\" content=\"DABUS ARQUITETURA\" \/>\n<meta property=\"article:published_time\" content=\"2020-07-27T01:21:24+00:00\" \/>\n<meta property=\"article:modified_time\" content=\"2020-07-27T01:24:16+00:00\" \/>\n<meta property=\"og:image\" content=\"http:\/\/www.dabus.com.br\/blog\/wp-content\/uploads\/2020\/07\/franquias-na-pandemia.png\" \/>\n<meta name=\"author\" content=\"heloisa.dabus\" \/>\n<meta name=\"twitter:card\" content=\"summary_large_image\" \/>\n<meta name=\"twitter:label1\" content=\"Escrito por\" \/>\n\t<meta name=\"twitter:data1\" content=\"heloisa.dabus\" \/>\n\t<meta name=\"twitter:label2\" content=\"Est. tempo de leitura\" \/>\n\t<meta name=\"twitter:data2\" content=\"3 minutos\" \/>\n<script type=\"application\/ld+json\" class=\"yoast-schema-graph\">{\"@context\":\"https:\/\/schema.org\",\"@graph\":[{\"@type\":\"WebPage\",\"@id\":\"https:\/\/www.dabusarquitetura.com.br\/blog\/medidas-franquias-na-pandemia\/\",\"url\":\"https:\/\/www.dabusarquitetura.com.br\/blog\/medidas-franquias-na-pandemia\/\",\"name\":\"5 medidas para as franquias na pandemia. Saiba como avan\u00e7ar!\",\"isPartOf\":{\"@id\":\"https:\/\/www.dabusarquitetura.com.br\/blog\/#website\"},\"datePublished\":\"2020-07-27T01:21:24+00:00\",\"dateModified\":\"2020-07-27T01:24:16+00:00\",\"author\":{\"@id\":\"https:\/\/www.dabusarquitetura.com.br\/blog\/#\/schema\/person\/978b78d74759412a1cd43634996237c4\"},\"description\":\"As franquias na pandemia precisam desenvolver a\u00e7\u00f5es que prezem pela iamgem da marca e construam pontes para atua\u00e7\u00e3o futura. Conhe\u00e7a as estrat\u00e9gias!\",\"breadcrumb\":{\"@id\":\"https:\/\/www.dabusarquitetura.com.br\/blog\/medidas-franquias-na-pandemia\/#breadcrumb\"},\"inLanguage\":\"pt-BR\",\"potentialAction\":[{\"@type\":\"ReadAction\",\"target\":[\"https:\/\/www.dabusarquitetura.com.br\/blog\/medidas-franquias-na-pandemia\/\"]}]},{\"@type\":\"BreadcrumbList\",\"@id\":\"https:\/\/www.dabusarquitetura.com.br\/blog\/medidas-franquias-na-pandemia\/#breadcrumb\",\"itemListElement\":[{\"@type\":\"ListItem\",\"position\":1,\"name\":\"In\u00edcio\",\"item\":\"https:\/\/www.dabusarquitetura.com.br\/blog\/\"},{\"@type\":\"ListItem\",\"position\":2,\"name\":\"5 medidas para as franquias na pandemia\"}]},{\"@type\":\"WebSite\",\"@id\":\"https:\/\/www.dabusarquitetura.com.br\/blog\/#website\",\"url\":\"https:\/\/www.dabusarquitetura.com.br\/blog\/\",\"name\":\"DABUS ARQUITETURA\",\"description\":\"Arquitetura Corporativa\",\"potentialAction\":[{\"@type\":\"SearchAction\",\"target\":{\"@type\":\"EntryPoint\",\"urlTemplate\":\"https:\/\/www.dabusarquitetura.com.br\/blog\/?s={search_term_string}\"},\"query-input\":\"required name=search_term_string\"}],\"inLanguage\":\"pt-BR\"},{\"@type\":\"Person\",\"@id\":\"https:\/\/www.dabusarquitetura.com.br\/blog\/#\/schema\/person\/978b78d74759412a1cd43634996237c4\",\"name\":\"heloisa.dabus\",\"image\":{\"@type\":\"ImageObject\",\"inLanguage\":\"pt-BR\",\"@id\":\"https:\/\/www.dabusarquitetura.com.br\/blog\/#\/schema\/person\/image\/\",\"url\":\"https:\/\/secure.gravatar.com\/avatar\/4078f4f8e54fb70a99a5e9edc642ecb1?s=96&d=mm&r=g\",\"contentUrl\":\"https:\/\/secure.gravatar.com\/avatar\/4078f4f8e54fb70a99a5e9edc642ecb1?s=96&d=mm&r=g\",\"caption\":\"heloisa.dabus\"},\"url\":\"https:\/\/www.dabusarquitetura.com.br\/blog\/author\/heloisa-dabus\/\"}]}<\/script>\n<!-- \/ Yoast SEO plugin. -->","yoast_head_json":{"title":"5 medidas para as franquias na pandemia. Saiba como avan\u00e7ar!","description":"As franquias na pandemia precisam desenvolver a\u00e7\u00f5es que prezem pela iamgem da marca e construam pontes para atua\u00e7\u00e3o futura. Conhe\u00e7a as estrat\u00e9gias!","robots":{"index":"index","follow":"follow","max-snippet":"max-snippet:-1","max-image-preview":"max-image-preview:large","max-video-preview":"max-video-preview:-1"},"canonical":"https:\/\/www.dabusarquitetura.com.br\/blog\/medidas-franquias-na-pandemia\/","og_locale":"pt_BR","og_type":"article","og_title":"5 medidas para as franquias na pandemia. Saiba como avan\u00e7ar!","og_description":"As franquias na pandemia precisam desenvolver a\u00e7\u00f5es que prezem pela iamgem da marca e construam pontes para atua\u00e7\u00e3o futura. Conhe\u00e7a as estrat\u00e9gias!","og_url":"https:\/\/www.dabusarquitetura.com.br\/blog\/medidas-franquias-na-pandemia\/","og_site_name":"DABUS ARQUITETURA","article_published_time":"2020-07-27T01:21:24+00:00","article_modified_time":"2020-07-27T01:24:16+00:00","og_image":[{"url":"http:\/\/www.dabus.com.br\/blog\/wp-content\/uploads\/2020\/07\/franquias-na-pandemia.png"}],"author":"heloisa.dabus","twitter_card":"summary_large_image","twitter_misc":{"Escrito por":"heloisa.dabus","Est. tempo de leitura":"3 minutos"},"schema":{"@context":"https:\/\/schema.org","@graph":[{"@type":"WebPage","@id":"https:\/\/www.dabusarquitetura.com.br\/blog\/medidas-franquias-na-pandemia\/","url":"https:\/\/www.dabusarquitetura.com.br\/blog\/medidas-franquias-na-pandemia\/","name":"5 medidas para as franquias na pandemia. Saiba como avan\u00e7ar!","isPartOf":{"@id":"https:\/\/www.dabusarquitetura.com.br\/blog\/#website"},"datePublished":"2020-07-27T01:21:24+00:00","dateModified":"2020-07-27T01:24:16+00:00","author":{"@id":"https:\/\/www.dabusarquitetura.com.br\/blog\/#\/schema\/person\/978b78d74759412a1cd43634996237c4"},"description":"As franquias na pandemia precisam desenvolver a\u00e7\u00f5es que prezem pela iamgem da marca e construam pontes para atua\u00e7\u00e3o futura. Conhe\u00e7a as estrat\u00e9gias!","breadcrumb":{"@id":"https:\/\/www.dabusarquitetura.com.br\/blog\/medidas-franquias-na-pandemia\/#breadcrumb"},"inLanguage":"pt-BR","potentialAction":[{"@type":"ReadAction","target":["https:\/\/www.dabusarquitetura.com.br\/blog\/medidas-franquias-na-pandemia\/"]}]},{"@type":"BreadcrumbList","@id":"https:\/\/www.dabusarquitetura.com.br\/blog\/medidas-franquias-na-pandemia\/#breadcrumb","itemListElement":[{"@type":"ListItem","position":1,"name":"In\u00edcio","item":"https:\/\/www.dabusarquitetura.com.br\/blog\/"},{"@type":"ListItem","position":2,"name":"5 medidas para as franquias na pandemia"}]},{"@type":"WebSite","@id":"https:\/\/www.dabusarquitetura.com.br\/blog\/#website","url":"https:\/\/www.dabusarquitetura.com.br\/blog\/","name":"DABUS ARQUITETURA","description":"Arquitetura Corporativa","potentialAction":[{"@type":"SearchAction","target":{"@type":"EntryPoint","urlTemplate":"https:\/\/www.dabusarquitetura.com.br\/blog\/?s={search_term_string}"},"query-input":"required name=search_term_string"}],"inLanguage":"pt-BR"},{"@type":"Person","@id":"https:\/\/www.dabusarquitetura.com.br\/blog\/#\/schema\/person\/978b78d74759412a1cd43634996237c4","name":"heloisa.dabus","image":{"@type":"ImageObject","inLanguage":"pt-BR","@id":"https:\/\/www.dabusarquitetura.com.br\/blog\/#\/schema\/person\/image\/","url":"https:\/\/secure.gravatar.com\/avatar\/4078f4f8e54fb70a99a5e9edc642ecb1?s=96&d=mm&r=g","contentUrl":"https:\/\/secure.gravatar.com\/avatar\/4078f4f8e54fb70a99a5e9edc642ecb1?s=96&d=mm&r=g","caption":"heloisa.dabus"},"url":"https:\/\/www.dabusarquitetura.com.br\/blog\/author\/heloisa-dabus\/"}]}},"_links":{"self":[{"href":"https:\/\/www.dabusarquitetura.com.br\/blog\/wp-json\/wp\/v2\/posts\/15311"}],"collection":[{"href":"https:\/\/www.dabusarquitetura.com.br\/blog\/wp-json\/wp\/v2\/posts"}],"about":[{"href":"https:\/\/www.dabusarquitetura.com.br\/blog\/wp-json\/wp\/v2\/types\/post"}],"author":[{"embeddable":true,"href":"https:\/\/www.dabusarquitetura.com.br\/blog\/wp-json\/wp\/v2\/users\/3"}],"replies":[{"embeddable":true,"href":"https:\/\/www.dabusarquitetura.com.br\/blog\/wp-json\/wp\/v2\/comments?post=15311"}],"version-history":[{"count":2,"href":"https:\/\/www.dabusarquitetura.com.br\/blog\/wp-json\/wp\/v2\/posts\/15311\/revisions"}],"predecessor-version":[{"id":15314,"href":"https:\/\/www.dabusarquitetura.com.br\/blog\/wp-json\/wp\/v2\/posts\/15311\/revisions\/15314"}],"wp:attachment":[{"href":"https:\/\/www.dabusarquitetura.com.br\/blog\/wp-json\/wp\/v2\/media?parent=15311"}],"wp:term":[{"taxonomy":"category","embeddable":true,"href":"https:\/\/www.dabusarquitetura.com.br\/blog\/wp-json\/wp\/v2\/categories?post=15311"},{"taxonomy":"post_tag","embeddable":true,"href":"https:\/\/www.dabusarquitetura.com.br\/blog\/wp-json\/wp\/v2\/tags?post=15311"}],"curies":[{"name":"wp","href":"https:\/\/api.w.org\/{rel}","templated":true}]}}