{"id":15295,"date":"2020-07-13T21:39:34","date_gmt":"2020-07-13T21:39:34","guid":{"rendered":"http:\/\/www.dabus.com.br\/blog\/?p=15295"},"modified":"2020-07-13T21:39:36","modified_gmt":"2020-07-13T21:39:36","slug":"habitos-de-consumo-pos-pandemia-mercado","status":"publish","type":"post","link":"https:\/\/www.dabusarquitetura.com.br\/blog\/habitos-de-consumo-pos-pandemia-mercado\/","title":{"rendered":"Como ficar\u00e3o os h\u00e1bitos de consumo p\u00f3s-pandemia? Acompanhe o mercado!"},"content":{"rendered":"\n<div class=\"wp-block-image\"><figure class=\"aligncenter\"><img decoding=\"async\" loading=\"lazy\" width=\"834\" height=\"317\" src=\"http:\/\/www.dabus.com.br\/blog\/wp-content\/uploads\/2020\/07\/habitos-de-consumo-pos-pandemia.png\" alt=\"H\u00e1bitos de consumo p\u00f3s-pandemia\" class=\"wp-image-15297\" srcset=\"https:\/\/www.dabusarquitetura.com.br\/blog\/wp-content\/uploads\/2020\/07\/habitos-de-consumo-pos-pandemia.png 834w, https:\/\/www.dabusarquitetura.com.br\/blog\/wp-content\/uploads\/2020\/07\/habitos-de-consumo-pos-pandemia-300x114.png 300w, https:\/\/www.dabusarquitetura.com.br\/blog\/wp-content\/uploads\/2020\/07\/habitos-de-consumo-pos-pandemia-768x292.png 768w\" sizes=\"(max-width: 834px) 100vw, 834px\" \/><\/figure><\/div>\n\n\n\n<p>As restri\u00e7\u00f5es decorridas das medidas de&nbsp; preven\u00e7\u00e3o ao novo coronav\u00edrus abalaram diversos setores. O com\u00e9rcio foi um dos mais afetados. Embora algumas empresas tenham reaberto as portas em regi\u00f5es e per\u00edodos espec\u00edficos, muitas n\u00e3o tiveram essa oportunidade, por n\u00e3o serem compreendidas como servi\u00e7os essenciais. Aos poucos as pessoas se acostumam com esse cen\u00e1rio. Assim, resta perguntar: como ficar\u00e3o os <strong>h\u00e1bitos de consumo p\u00f3s-pandemia<\/strong>?<\/p>\n\n\n\n<p>Observar o mercado e suas inten\u00e7\u00f5es \u00e9 essencial para poder planejar, desenvolver novas solu\u00e7\u00f5es e corrigir o que for preciso. O mundo todo est\u00e1 em transforma\u00e7\u00e3o. Portanto, saber como atuar diante de <strong>situa\u00e7\u00f5es que podem nunca mais voltar a ser as mesmas<\/strong> pode definir a continuidade ou o encerramento do neg\u00f3cio.<\/p>\n\n\n\n<p>Acompanhe o post de hoje e entenda qual \u00e9 a vis\u00e3o dos consumidores para o momento de retomada (segundo pesquisas).<\/p>\n\n\n\n<h3 class=\"wp-block-heading\">Perigos e oportunidades<\/h3>\n\n\n\n<p>Toda mudan\u00e7a traz um pouco de inseguran\u00e7a e resistent\u00eancia. \u00c9 normal! Mas um dos passos mais importantes para prosseguir \u00e9 <strong>aceitar a nova realidade<\/strong>. Afinal, \u00e9 a partir dela que as possibilidades passar\u00e3o a existir. Ent\u00e3o, com esse posicionamento ser\u00e1 poss\u00edvel encontrar as oportunidades com as quais trabalhar.<\/p>\n\n\n\n<p>De acordo com Peter Noel Murray, diretor de uma cl\u00ednica de <strong>Psicologia do Consumidor <\/strong>em Nova York:<\/p>\n\n\n\n<blockquote class=\"wp-block-quote\"><p>\u201cQuando h\u00e1 mudan\u00e7as s\u00e9rias no estilo e nas circunst\u00e2ncias de vida, h\u00e1 uma <strong>mudan\u00e7a dram\u00e1tica na prefer\u00eancia pelas marcas<\/strong> que os consumidores usam e em suas percep\u00e7\u00f5es sobre essas marcas\u201d.<\/p><\/blockquote>\n\n\n\n<p>Ou seja, elas precisam conversar com os novos e pontuais anseios de seus p\u00fablicos a fim de n\u00e3o serem preteridas. O que temos observado \u00e9 que diversas <a href=\"https:\/\/www.dabus.com.br\/blog\/2020\/05\/marcas-na-crise-estrategias-posicionar\/\"><strong>marcas est\u00e3o implantando iniciativas<\/strong><\/a> de boas a\u00e7\u00f5es ao longo da crise. Por\u00e9m, conforme apontam os especialistas, os consumidores esperam que essas <strong>medidas tenham continuidade<\/strong>. Quer dizer, mesmo depois quando a Covid-19 j\u00e1 n\u00e3o for uma amea\u00e7a.<\/p>\n\n\n\n<h3 class=\"wp-block-heading\">Cautela no consumo p\u00f3s-pandemia<\/h3>\n\n\n\n<p>Uma pesquisa realizada pela <a href=\"http:\/\/www.portaldaindustria.com.br\/cni\/\">Confedera\u00e7\u00e3o Nacional da Ind\u00fastria (CNI)<\/a> em parceria com o <a href=\"http:\/\/www.institutofsbpesquisa.com.br\/\">Instituto FSB<\/a>, revelou que de cada 4 brasileiros, 3 pretendem <strong>manter o n\u00edvel de consumo reduzido<\/strong>, iniciado ap\u00f3s o surto de coronav\u00edrus. No total, foram ouvidas 2.005 pessoas em todos os estados do Brasil.<\/p>\n\n\n\n<p>O estudo apontou tamb\u00e9m que, de um grupo de 11 bens de consumo, apenas dois ter\u00e3o maior <strong>procura<\/strong> p\u00f3s-isolamento. S\u00e3o eles: <strong>roupas<\/strong> (34%) e <strong>cal\u00e7ados<\/strong> (31%). Menos de 10% dos participantes afirmaram ter interesse nos produtos dos demais grupos (como eletrodom\u00e9sticos e m\u00f3veis), dentro dos mesmos 90 dias.<\/p>\n\n\n\n<p>Por tr\u00e1s desse comportamento moderado, est\u00e1, sobretudo, o <strong>medo de perder o emprego<\/strong>. Segundo a pesquisa, 48% dos trabalhadores t\u00eam esse sentimento. Considerando o percentual daqueles que t\u00eam medo m\u00e9dio (19%) e pequeno (10%), o \u00edndice chega a 77%. Al\u00e9m disso, a metade dos brasileiros (53% dos respondentes) se revelou endividada.<\/p>\n\n\n\n<p>J\u00e1 o levantamento do <a href=\"http:\/\/www.ipespe.org.br\/\">Instituto de Pesquisas Sociais, Pol\u00edticas e Econ\u00f4micas (Ipespe)<\/a> encomendado pela <a href=\"https:\/\/portal.febraban.org.br\/\">Federa\u00e7\u00e3o Brasileira de Bancos (Febraban)<\/a>, mostrou que para 43% da popula\u00e7\u00e3o bancarizada (abordada) a economia s\u00f3 ter\u00e1 uma <strong>recupera\u00e7\u00e3o dos efeitos da crise<\/strong> depois de dois anos. Tendo em vista o fim do per\u00edodo, 30% dos entrevistados responderam que devem comprar mais pela internet. E 28% que devem usar os servi\u00e7os de delivery com mais frequ\u00eancia.<\/p>\n\n\n\n<p>Quais s\u00e3o os planos do seu neg\u00f3cio frente a essas expectativas do consumo p\u00f3s-pandemia? Procure acompanhar sempre as movimenta\u00e7\u00f5es do mercado para <strong>encontrar sa\u00eddas de forma preventiva<\/strong>.<\/p>\n\n\n\n<p>Acompanhe nosso <a href=\"https:\/\/www.instagram.com\/dabus.arquitetura\/\"><strong>Instagram<\/strong><\/a> para conferir mais dicas!<\/p>\n\n\n\n<p style=\"text-align:center\">Refer\u00eancias: <a href=\"https:\/\/g1.globo.com\/economia\/noticia\/2020\/05\/07\/tres-em-cada-quatro-brasileiros-vao-manter-consumo-reduzido-apos-pandemia-diz-pesquisa-da-cni.ghtml\">G1<\/a> (1), <a href=\"https:\/\/g1.globo.com\/economia\/noticia\/2020\/06\/12\/habitos-de-consumo-vao-mudar-apos-pandemia-do-coronavirus-aponta-pesquisa.ghtml\">G1<\/a> (2).<\/p>\n","protected":false},"excerpt":{"rendered":"<p>As restri\u00e7\u00f5es decorridas das medidas de&nbsp; preven\u00e7\u00e3o ao novo coronav\u00edrus abalaram diversos setores. O com\u00e9rcio foi um dos mais afetados. Embora algumas empresas tenham reaberto [&hellip;]<\/p>\n","protected":false},"author":3,"featured_media":0,"comment_status":"open","ping_status":"open","sticky":false,"template":"","format":"standard","meta":[],"categories":[49],"tags":[],"yoast_head":"<!-- This site is optimized with the Yoast SEO plugin v20.8 - https:\/\/yoast.com\/wordpress\/plugins\/seo\/ -->\n<title>Como ficar\u00e3o os h\u00e1bitos de consumo p\u00f3s-pandemia?<\/title>\n<meta name=\"description\" content=\"O consumo p\u00f3s-pandemia voltar\u00e1 ao normal? Quais categorias de produtos devem se destacar? Saiba como os h\u00e1bitos consumidores ser\u00e3o impactados!\" \/>\n<meta name=\"robots\" content=\"index, follow, max-snippet:-1, max-image-preview:large, max-video-preview:-1\" \/>\n<link rel=\"canonical\" href=\"https:\/\/www.dabusarquitetura.com.br\/blog\/habitos-de-consumo-pos-pandemia-mercado\/\" \/>\n<meta property=\"og:locale\" content=\"pt_BR\" \/>\n<meta property=\"og:type\" content=\"article\" \/>\n<meta property=\"og:title\" content=\"Como ficar\u00e3o os h\u00e1bitos de consumo p\u00f3s-pandemia?\" \/>\n<meta property=\"og:description\" content=\"O consumo p\u00f3s-pandemia voltar\u00e1 ao normal? Quais categorias de produtos devem se destacar? Saiba como os h\u00e1bitos consumidores ser\u00e3o impactados!\" \/>\n<meta property=\"og:url\" content=\"https:\/\/www.dabusarquitetura.com.br\/blog\/habitos-de-consumo-pos-pandemia-mercado\/\" \/>\n<meta property=\"og:site_name\" content=\"DABUS ARQUITETURA\" \/>\n<meta property=\"article:published_time\" content=\"2020-07-13T21:39:34+00:00\" \/>\n<meta property=\"article:modified_time\" content=\"2020-07-13T21:39:36+00:00\" \/>\n<meta property=\"og:image\" content=\"http:\/\/www.dabus.com.br\/blog\/wp-content\/uploads\/2020\/07\/habitos-de-consumo-pos-pandemia.png\" \/>\n<meta name=\"author\" content=\"heloisa.dabus\" \/>\n<meta name=\"twitter:card\" content=\"summary_large_image\" \/>\n<meta name=\"twitter:label1\" content=\"Escrito por\" \/>\n\t<meta name=\"twitter:data1\" content=\"heloisa.dabus\" \/>\n\t<meta name=\"twitter:label2\" content=\"Est. tempo de leitura\" \/>\n\t<meta name=\"twitter:data2\" content=\"3 minutos\" \/>\n<script type=\"application\/ld+json\" class=\"yoast-schema-graph\">{\"@context\":\"https:\/\/schema.org\",\"@graph\":[{\"@type\":\"WebPage\",\"@id\":\"https:\/\/www.dabusarquitetura.com.br\/blog\/habitos-de-consumo-pos-pandemia-mercado\/\",\"url\":\"https:\/\/www.dabusarquitetura.com.br\/blog\/habitos-de-consumo-pos-pandemia-mercado\/\",\"name\":\"Como ficar\u00e3o os h\u00e1bitos de consumo p\u00f3s-pandemia?\",\"isPartOf\":{\"@id\":\"https:\/\/www.dabusarquitetura.com.br\/blog\/#website\"},\"datePublished\":\"2020-07-13T21:39:34+00:00\",\"dateModified\":\"2020-07-13T21:39:36+00:00\",\"author\":{\"@id\":\"https:\/\/www.dabusarquitetura.com.br\/blog\/#\/schema\/person\/978b78d74759412a1cd43634996237c4\"},\"description\":\"O consumo p\u00f3s-pandemia voltar\u00e1 ao normal? Quais categorias de produtos devem se destacar? Saiba como os h\u00e1bitos consumidores ser\u00e3o impactados!\",\"breadcrumb\":{\"@id\":\"https:\/\/www.dabusarquitetura.com.br\/blog\/habitos-de-consumo-pos-pandemia-mercado\/#breadcrumb\"},\"inLanguage\":\"pt-BR\",\"potentialAction\":[{\"@type\":\"ReadAction\",\"target\":[\"https:\/\/www.dabusarquitetura.com.br\/blog\/habitos-de-consumo-pos-pandemia-mercado\/\"]}]},{\"@type\":\"BreadcrumbList\",\"@id\":\"https:\/\/www.dabusarquitetura.com.br\/blog\/habitos-de-consumo-pos-pandemia-mercado\/#breadcrumb\",\"itemListElement\":[{\"@type\":\"ListItem\",\"position\":1,\"name\":\"In\u00edcio\",\"item\":\"https:\/\/www.dabusarquitetura.com.br\/blog\/\"},{\"@type\":\"ListItem\",\"position\":2,\"name\":\"Como ficar\u00e3o os h\u00e1bitos de consumo p\u00f3s-pandemia? Acompanhe o mercado!\"}]},{\"@type\":\"WebSite\",\"@id\":\"https:\/\/www.dabusarquitetura.com.br\/blog\/#website\",\"url\":\"https:\/\/www.dabusarquitetura.com.br\/blog\/\",\"name\":\"DABUS ARQUITETURA\",\"description\":\"Arquitetura Corporativa\",\"potentialAction\":[{\"@type\":\"SearchAction\",\"target\":{\"@type\":\"EntryPoint\",\"urlTemplate\":\"https:\/\/www.dabusarquitetura.com.br\/blog\/?s={search_term_string}\"},\"query-input\":\"required name=search_term_string\"}],\"inLanguage\":\"pt-BR\"},{\"@type\":\"Person\",\"@id\":\"https:\/\/www.dabusarquitetura.com.br\/blog\/#\/schema\/person\/978b78d74759412a1cd43634996237c4\",\"name\":\"heloisa.dabus\",\"image\":{\"@type\":\"ImageObject\",\"inLanguage\":\"pt-BR\",\"@id\":\"https:\/\/www.dabusarquitetura.com.br\/blog\/#\/schema\/person\/image\/\",\"url\":\"https:\/\/secure.gravatar.com\/avatar\/4078f4f8e54fb70a99a5e9edc642ecb1?s=96&d=mm&r=g\",\"contentUrl\":\"https:\/\/secure.gravatar.com\/avatar\/4078f4f8e54fb70a99a5e9edc642ecb1?s=96&d=mm&r=g\",\"caption\":\"heloisa.dabus\"},\"url\":\"https:\/\/www.dabusarquitetura.com.br\/blog\/author\/heloisa-dabus\/\"}]}<\/script>\n<!-- \/ Yoast SEO plugin. -->","yoast_head_json":{"title":"Como ficar\u00e3o os h\u00e1bitos de consumo p\u00f3s-pandemia?","description":"O consumo p\u00f3s-pandemia voltar\u00e1 ao normal? Quais categorias de produtos devem se destacar? Saiba como os h\u00e1bitos consumidores ser\u00e3o impactados!","robots":{"index":"index","follow":"follow","max-snippet":"max-snippet:-1","max-image-preview":"max-image-preview:large","max-video-preview":"max-video-preview:-1"},"canonical":"https:\/\/www.dabusarquitetura.com.br\/blog\/habitos-de-consumo-pos-pandemia-mercado\/","og_locale":"pt_BR","og_type":"article","og_title":"Como ficar\u00e3o os h\u00e1bitos de consumo p\u00f3s-pandemia?","og_description":"O consumo p\u00f3s-pandemia voltar\u00e1 ao normal? Quais categorias de produtos devem se destacar? Saiba como os h\u00e1bitos consumidores ser\u00e3o impactados!","og_url":"https:\/\/www.dabusarquitetura.com.br\/blog\/habitos-de-consumo-pos-pandemia-mercado\/","og_site_name":"DABUS ARQUITETURA","article_published_time":"2020-07-13T21:39:34+00:00","article_modified_time":"2020-07-13T21:39:36+00:00","og_image":[{"url":"http:\/\/www.dabus.com.br\/blog\/wp-content\/uploads\/2020\/07\/habitos-de-consumo-pos-pandemia.png"}],"author":"heloisa.dabus","twitter_card":"summary_large_image","twitter_misc":{"Escrito por":"heloisa.dabus","Est. tempo de leitura":"3 minutos"},"schema":{"@context":"https:\/\/schema.org","@graph":[{"@type":"WebPage","@id":"https:\/\/www.dabusarquitetura.com.br\/blog\/habitos-de-consumo-pos-pandemia-mercado\/","url":"https:\/\/www.dabusarquitetura.com.br\/blog\/habitos-de-consumo-pos-pandemia-mercado\/","name":"Como ficar\u00e3o os h\u00e1bitos de consumo p\u00f3s-pandemia?","isPartOf":{"@id":"https:\/\/www.dabusarquitetura.com.br\/blog\/#website"},"datePublished":"2020-07-13T21:39:34+00:00","dateModified":"2020-07-13T21:39:36+00:00","author":{"@id":"https:\/\/www.dabusarquitetura.com.br\/blog\/#\/schema\/person\/978b78d74759412a1cd43634996237c4"},"description":"O consumo p\u00f3s-pandemia voltar\u00e1 ao normal? Quais categorias de produtos devem se destacar? Saiba como os h\u00e1bitos consumidores ser\u00e3o impactados!","breadcrumb":{"@id":"https:\/\/www.dabusarquitetura.com.br\/blog\/habitos-de-consumo-pos-pandemia-mercado\/#breadcrumb"},"inLanguage":"pt-BR","potentialAction":[{"@type":"ReadAction","target":["https:\/\/www.dabusarquitetura.com.br\/blog\/habitos-de-consumo-pos-pandemia-mercado\/"]}]},{"@type":"BreadcrumbList","@id":"https:\/\/www.dabusarquitetura.com.br\/blog\/habitos-de-consumo-pos-pandemia-mercado\/#breadcrumb","itemListElement":[{"@type":"ListItem","position":1,"name":"In\u00edcio","item":"https:\/\/www.dabusarquitetura.com.br\/blog\/"},{"@type":"ListItem","position":2,"name":"Como ficar\u00e3o os h\u00e1bitos de consumo p\u00f3s-pandemia? Acompanhe o mercado!"}]},{"@type":"WebSite","@id":"https:\/\/www.dabusarquitetura.com.br\/blog\/#website","url":"https:\/\/www.dabusarquitetura.com.br\/blog\/","name":"DABUS ARQUITETURA","description":"Arquitetura Corporativa","potentialAction":[{"@type":"SearchAction","target":{"@type":"EntryPoint","urlTemplate":"https:\/\/www.dabusarquitetura.com.br\/blog\/?s={search_term_string}"},"query-input":"required name=search_term_string"}],"inLanguage":"pt-BR"},{"@type":"Person","@id":"https:\/\/www.dabusarquitetura.com.br\/blog\/#\/schema\/person\/978b78d74759412a1cd43634996237c4","name":"heloisa.dabus","image":{"@type":"ImageObject","inLanguage":"pt-BR","@id":"https:\/\/www.dabusarquitetura.com.br\/blog\/#\/schema\/person\/image\/","url":"https:\/\/secure.gravatar.com\/avatar\/4078f4f8e54fb70a99a5e9edc642ecb1?s=96&d=mm&r=g","contentUrl":"https:\/\/secure.gravatar.com\/avatar\/4078f4f8e54fb70a99a5e9edc642ecb1?s=96&d=mm&r=g","caption":"heloisa.dabus"},"url":"https:\/\/www.dabusarquitetura.com.br\/blog\/author\/heloisa-dabus\/"}]}},"_links":{"self":[{"href":"https:\/\/www.dabusarquitetura.com.br\/blog\/wp-json\/wp\/v2\/posts\/15295"}],"collection":[{"href":"https:\/\/www.dabusarquitetura.com.br\/blog\/wp-json\/wp\/v2\/posts"}],"about":[{"href":"https:\/\/www.dabusarquitetura.com.br\/blog\/wp-json\/wp\/v2\/types\/post"}],"author":[{"embeddable":true,"href":"https:\/\/www.dabusarquitetura.com.br\/blog\/wp-json\/wp\/v2\/users\/3"}],"replies":[{"embeddable":true,"href":"https:\/\/www.dabusarquitetura.com.br\/blog\/wp-json\/wp\/v2\/comments?post=15295"}],"version-history":[{"count":6,"href":"https:\/\/www.dabusarquitetura.com.br\/blog\/wp-json\/wp\/v2\/posts\/15295\/revisions"}],"predecessor-version":[{"id":15306,"href":"https:\/\/www.dabusarquitetura.com.br\/blog\/wp-json\/wp\/v2\/posts\/15295\/revisions\/15306"}],"wp:attachment":[{"href":"https:\/\/www.dabusarquitetura.com.br\/blog\/wp-json\/wp\/v2\/media?parent=15295"}],"wp:term":[{"taxonomy":"category","embeddable":true,"href":"https:\/\/www.dabusarquitetura.com.br\/blog\/wp-json\/wp\/v2\/categories?post=15295"},{"taxonomy":"post_tag","embeddable":true,"href":"https:\/\/www.dabusarquitetura.com.br\/blog\/wp-json\/wp\/v2\/tags?post=15295"}],"curies":[{"name":"wp","href":"https:\/\/api.w.org\/{rel}","templated":true}]}}