{"id":15277,"date":"2020-06-11T15:22:44","date_gmt":"2020-06-11T15:22:44","guid":{"rendered":"http:\/\/www.dabus.com.br\/blog\/?p=15277"},"modified":"2020-06-11T15:22:45","modified_gmt":"2020-06-11T15:22:45","slug":"tempo-coronavirus-superficies-principais","status":"publish","type":"post","link":"https:\/\/www.dabusarquitetura.com.br\/blog\/tempo-coronavirus-superficies-principais\/","title":{"rendered":"O tempo do coronav\u00edrus nas superf\u00edcies: Saiba as principais!"},"content":{"rendered":"\n<div class=\"wp-block-image\"><figure class=\"aligncenter\"><img decoding=\"async\" loading=\"lazy\" width=\"834\" height=\"317\" src=\"http:\/\/www.dabus.com.br\/blog\/wp-content\/uploads\/2020\/06\/tempo-coronavirus-superficies.png\" alt=\"Tempo do coronav\u00edrus nas superf\u00edcies\" class=\"wp-image-15278\" srcset=\"https:\/\/www.dabusarquitetura.com.br\/blog\/wp-content\/uploads\/2020\/06\/tempo-coronavirus-superficies.png 834w, https:\/\/www.dabusarquitetura.com.br\/blog\/wp-content\/uploads\/2020\/06\/tempo-coronavirus-superficies-300x114.png 300w, https:\/\/www.dabusarquitetura.com.br\/blog\/wp-content\/uploads\/2020\/06\/tempo-coronavirus-superficies-768x292.png 768w\" sizes=\"(max-width: 834px) 100vw, 834px\" \/><\/figure><\/div>\n\n\n\n<p>M\u00e1scaras, \u00e1lcool em gel, distanciamento f\u00edsico, \u00e1gua e sab\u00e3o. Com a pandemia do Sars-CoV-2, causador da COVID-19, uma s\u00e9rie de cuidados foi adotada no cotidiano das pessoas ao redor do mundo. Tais provid\u00eancias passaram a fazer parte do chamado \u201cnovo normal\u201d. Mas, por outro lado, nem todos se atentam para o <strong>tempo do coronav\u00edrus nas superf\u00edcies<\/strong>. <\/p>\n\n\n\n<p>Ter essa vis\u00e3o \u00e9 importante para intensificar as precau\u00e7\u00f5es e realizar a higieniza\u00e7\u00e3o adequada, ao inv\u00e9s de apenas reproduzir o que todos t\u00eam feito, sem uma consci\u00eancia mais apurada.<\/p>\n\n\n\n<p>Escolas, <strong><a href=\"https:\/\/www.dabus.com.br\/blog\/2020\/04\/projeto-de-padaria-le-pain-quotidien-shopping-tambore\/\">estabelecimentos comerciais<\/a><\/strong>, depend\u00eancias p\u00fablicas e empresas devem observar a quest\u00e3o com ainda mais cuidado. Com a <strong>volta gradual \u00e0 rotina <\/strong>fora de casa, as medidas de preven\u00e7\u00e3o ter\u00e3o de ser intensificadas.<\/p>\n\n\n\n<p>Vale lembrar que o coronav\u00edrus tem um <strong>alto poder de cont\u00e1gio<\/strong> porque pode, sobretudo, sobreviver fora do corpo humano por um bom tempo, dependendo do local onde \u00e9 depositado, al\u00e9m de ser expelido no ar por tosses e espirros.<\/p>\n\n\n\n<p>Portanto, hoje iremos destacar as principais superf\u00edcies presentes no dia a dia de todos. Fique atento!<\/p>\n\n\n\n<h2 class=\"wp-block-heading\">Pesquisas sobre o tempo do coronav\u00edrus nas superf\u00edcies<\/h2>\n\n\n\n<p>Os v\u00edrus possuem estruturas muito simples e sua capacidade de sobreviv\u00eancia \u00e9 maior do que a das c\u00e9lulas. Por isso, com o surgimento do Sars-CoV-2, se tornou essencial investigar mais de perto esse comportamento.<\/p>\n\n\n\n<p>Embora ainda seja necess\u00e1rio compreender muitos fatores sobre essa nova vers\u00e3o do v\u00edrus, alguns estudos j\u00e1 trouxeram dados importantes a serem considerados. Esse \u00e9 o caso de uma recente pesquisa publicada na revista <a href=\"https:\/\/www.nejm.org\/\" target=\"_blank\" rel=\"noreferrer noopener\" aria-label=\" (abre numa nova aba)\">New England Journal of Medicine<\/a>.<\/p>\n\n\n\n<p>Os cientistas dos Centros de Controle e Preven\u00e7\u00e3o de Doen\u00e7as (CDC) das Universidades da Calif\u00f3rnia, Los Angeles e Princeton revelaram o tempo do coronav\u00edrus nas superf\u00edcies (abaixo: pl\u00e1stico, a\u00e7o inoxid\u00e1vel, papel\u00e3o e cobre). J\u00e1 outros apontamentos trazem informa\u00e7\u00f5es baseadas no comportamento geral dos v\u00edrus &#8211; at\u00e9 que novos estudos espec\u00edficos sejam realizados. <\/p>\n\n\n\n<p>Confira:<\/p>\n\n\n\n<ul><li><strong>Vidro: <\/strong>at\u00e9 4 dias.<\/li><\/ul>\n\n\n\n<ul><li><strong>Madeira:<\/strong> at\u00e9 4 dias.<\/li><\/ul>\n\n\n\n<ul><li><strong>Alum\u00ednio:<\/strong> cerca de 8 horas.<\/li><\/ul>\n\n\n\n<ul><li><strong>Pl\u00e1stico:<\/strong> cerca de 3 dias.&nbsp;<\/li><\/ul>\n\n\n\n<ul><li><strong>A\u00e7o inoxid\u00e1vel:<\/strong> cerca de 3 dias.<\/li><\/ul>\n\n\n\n<ul><li><strong>Papel\u00e3o: <\/strong>cerca de<strong> <\/strong>24 horas.<\/li><\/ul>\n\n\n\n<ul><li><strong>Cobre:<\/strong> cerca de 4 horas.<\/li><\/ul>\n\n\n\n<ul><li><strong>Tecidos:<\/strong> ainda n\u00e3o h\u00e1 estudos que mostrem a sobreviv\u00eancia do coronav\u00edrus em diferentes tipos de tecidos. Por\u00e9m, trabalhos com outros pat\u00f3genos indicam que, em geral, os v\u00edrus permanecem vivos de 72 a 96 horas em panos.<\/li><\/ul>\n\n\n\n<h3 class=\"wp-block-heading\">Foco na higieniza\u00e7\u00e3o<\/h3>\n\n\n\n<p>Conforme foi observado, superf\u00edcies e materiais perduram a sobreviv\u00eancia do Sars-CoV-2 fora do corpo de maneiras diferentes. Mas, em todos os casos, essa sobrevida acentua a import\u00e2ncia dos processos de higieniza\u00e7\u00e3o, que precisam ser mais constantes.<\/p>\n\n\n\n<p>A <a href=\"https:\/\/www.who.int\/eportuguese\/countries\/bra\/pt\/\">Organiza\u00e7\u00e3o Mundial da Sa\u00fade<\/a> (OMS) enfatiza que usar \u00e1lcool 70%, lavar as m\u00e3os com \u00e1gua e sab\u00e3o, e <strong>limpar e desinfetar superf\u00edcies<\/strong> <strong>frequentemente<\/strong> s\u00e3o a\u00e7\u00f5es imprescind\u00edveis para impedir a propaga\u00e7\u00e3o da doen\u00e7a.<\/p>\n\n\n\n<p>Para realizar essa limpeza \u00e9 poss\u00edvel utilizar tanto \u00e1gua e sab\u00e3o, quanto \u00e1gua sanit\u00e1ria e desinfetantes. Todos esses produtos conseguem <strong>destruir a camada de gordura<\/strong> que protege o interior do v\u00edrus e, dessa forma, eliminar a sua capacidade de infec\u00e7\u00e3o.<\/p>\n\n\n\n<p>Uma aten\u00e7\u00e3o a mais deve ser dada \u00e0s roupas. Como os tecidos s\u00e3o porosos, o ac\u00famulo de secre\u00e7\u00f5es respirat\u00f3rias fica mais resguardado entre as fibras. Assim, o acesso ali tende a ser mais dif\u00edcil. Por isso, a higieniza\u00e7\u00e3o das vestimentas precisa ser muito cuidadosa.<\/p>\n\n\n\n<p>Voc\u00ea e seu neg\u00f3cio est\u00e3o preparados para enfrentarem o \u201cnovo normal\u201d? <\/p>\n\n\n\n<p>N\u00e3o se preocupem. Voc\u00eas n\u00e3o est\u00e3o sozinhos! A <strong>DABUS<\/strong> <strong>ARQUITETURA<\/strong> desenvolve projetos personalizados para auxiliar na retomada gradual \u00e0s atividades. Entre em contato pelo <a href=\"https:\/\/api.whatsapp.com\/send?l=pt&amp;phone=5511983276060\"><strong>WhatsApp<\/strong><\/a> e conhe\u00e7a nossas solu\u00e7\u00f5es para o seu espa\u00e7o!<\/p>\n\n\n\n<p style=\"text-align:center\">Refer\u00eancias: <a rel=\"noreferrer noopener\" aria-label=\" (abre numa nova aba)\" href=\"https:\/\/www.archdaily.com.br\/br\/936048\/por-quanto-tempo-o-coronavirus-sobrevive-nas-superficies-cotidianas\" target=\"_blank\">ArchDaily<\/a>, <a rel=\"noreferrer noopener\" aria-label=\" (abre numa nova aba)\" href=\"https:\/\/www.inca.gov.br\/sites\/ufu.sti.inca.local\/files\/\/media\/image\/tempo-de-duracao-do-virus-em-superficies_0.jpg\" target=\"_blank\">INCA<\/a>, <a rel=\"noreferrer noopener\" aria-label=\" (abre numa nova aba)\" href=\"https:\/\/g1.globo.com\/bemestar\/coronavirus\/noticia\/2020\/03\/19\/quanto-tempo-o-coronavirus-sobrevive-nas-superficies-estudo-aponta-que-plastico-e-aco-ampliam-a-sobrevida.ghtml\" target=\"_blank\">G1<\/a>, <a rel=\"noreferrer noopener\" aria-label=\" (abre numa nova aba)\" href=\"https:\/\/www.sanarmed.com\/quanto-tempo-o-coronavirus-sobrevive-em-cada-superficie-colunistas\" target=\"_blank\">SANAR MED<\/a>, <a href=\"https:\/\/www.atribuna.com.br\/noticias\/cienciaesaude\/quanto-tempo-o-novo-coronav%C3%ADrus-sobrevive-no-ar-e-superf%C3%ADcies-1.98944\" target=\"_blank\" rel=\"noreferrer noopener\" aria-label=\" (abre numa nova aba)\">A Tribuna<\/a>. <\/p>\n","protected":false},"excerpt":{"rendered":"<p>M\u00e1scaras, \u00e1lcool em gel, distanciamento f\u00edsico, \u00e1gua e sab\u00e3o. Com a pandemia do Sars-CoV-2, causador da COVID-19, uma s\u00e9rie de cuidados foi adotada no cotidiano [&hellip;]<\/p>\n","protected":false},"author":3,"featured_media":0,"comment_status":"open","ping_status":"open","sticky":false,"template":"","format":"standard","meta":[],"categories":[49],"tags":[],"yoast_head":"<!-- This site is optimized with the Yoast SEO plugin v20.8 - https:\/\/yoast.com\/wordpress\/plugins\/seo\/ -->\n<title>O tempo do coronav\u00edrus nas superf\u00edcies: Saiba as principais!<\/title>\n<meta name=\"description\" content=\"Conhecer o tempo do coronav\u00edrus nas superf\u00edcies ajuda a otimizar as medidas de preven\u00e7\u00e3o e higieniza\u00e7\u00e3o. Confira e proteja seu neg\u00f3cio!\" \/>\n<meta name=\"robots\" content=\"index, follow, max-snippet:-1, max-image-preview:large, max-video-preview:-1\" \/>\n<link rel=\"canonical\" href=\"https:\/\/www.dabusarquitetura.com.br\/blog\/tempo-coronavirus-superficies-principais\/\" \/>\n<meta property=\"og:locale\" content=\"pt_BR\" \/>\n<meta property=\"og:type\" content=\"article\" \/>\n<meta property=\"og:title\" content=\"O tempo do coronav\u00edrus nas superf\u00edcies: Saiba as principais!\" \/>\n<meta property=\"og:description\" content=\"Conhecer o tempo do coronav\u00edrus nas superf\u00edcies ajuda a otimizar as medidas de preven\u00e7\u00e3o e higieniza\u00e7\u00e3o. Confira e proteja seu neg\u00f3cio!\" \/>\n<meta property=\"og:url\" content=\"https:\/\/www.dabusarquitetura.com.br\/blog\/tempo-coronavirus-superficies-principais\/\" \/>\n<meta property=\"og:site_name\" content=\"DABUS ARQUITETURA\" \/>\n<meta property=\"article:published_time\" content=\"2020-06-11T15:22:44+00:00\" \/>\n<meta property=\"article:modified_time\" content=\"2020-06-11T15:22:45+00:00\" \/>\n<meta property=\"og:image\" content=\"http:\/\/www.dabus.com.br\/blog\/wp-content\/uploads\/2020\/06\/tempo-coronavirus-superficies.png\" \/>\n<meta name=\"author\" content=\"heloisa.dabus\" \/>\n<meta name=\"twitter:card\" content=\"summary_large_image\" \/>\n<meta name=\"twitter:label1\" content=\"Escrito por\" \/>\n\t<meta name=\"twitter:data1\" content=\"heloisa.dabus\" \/>\n\t<meta name=\"twitter:label2\" content=\"Est. tempo de leitura\" \/>\n\t<meta name=\"twitter:data2\" content=\"3 minutos\" \/>\n<script type=\"application\/ld+json\" class=\"yoast-schema-graph\">{\"@context\":\"https:\/\/schema.org\",\"@graph\":[{\"@type\":\"WebPage\",\"@id\":\"https:\/\/www.dabusarquitetura.com.br\/blog\/tempo-coronavirus-superficies-principais\/\",\"url\":\"https:\/\/www.dabusarquitetura.com.br\/blog\/tempo-coronavirus-superficies-principais\/\",\"name\":\"O tempo do coronav\u00edrus nas superf\u00edcies: Saiba as principais!\",\"isPartOf\":{\"@id\":\"https:\/\/www.dabusarquitetura.com.br\/blog\/#website\"},\"datePublished\":\"2020-06-11T15:22:44+00:00\",\"dateModified\":\"2020-06-11T15:22:45+00:00\",\"author\":{\"@id\":\"https:\/\/www.dabusarquitetura.com.br\/blog\/#\/schema\/person\/978b78d74759412a1cd43634996237c4\"},\"description\":\"Conhecer o tempo do coronav\u00edrus nas superf\u00edcies ajuda a otimizar as medidas de preven\u00e7\u00e3o e higieniza\u00e7\u00e3o. Confira e proteja seu neg\u00f3cio!\",\"breadcrumb\":{\"@id\":\"https:\/\/www.dabusarquitetura.com.br\/blog\/tempo-coronavirus-superficies-principais\/#breadcrumb\"},\"inLanguage\":\"pt-BR\",\"potentialAction\":[{\"@type\":\"ReadAction\",\"target\":[\"https:\/\/www.dabusarquitetura.com.br\/blog\/tempo-coronavirus-superficies-principais\/\"]}]},{\"@type\":\"BreadcrumbList\",\"@id\":\"https:\/\/www.dabusarquitetura.com.br\/blog\/tempo-coronavirus-superficies-principais\/#breadcrumb\",\"itemListElement\":[{\"@type\":\"ListItem\",\"position\":1,\"name\":\"In\u00edcio\",\"item\":\"https:\/\/www.dabusarquitetura.com.br\/blog\/\"},{\"@type\":\"ListItem\",\"position\":2,\"name\":\"O tempo do coronav\u00edrus nas superf\u00edcies: Saiba as principais!\"}]},{\"@type\":\"WebSite\",\"@id\":\"https:\/\/www.dabusarquitetura.com.br\/blog\/#website\",\"url\":\"https:\/\/www.dabusarquitetura.com.br\/blog\/\",\"name\":\"DABUS ARQUITETURA\",\"description\":\"Arquitetura Corporativa\",\"potentialAction\":[{\"@type\":\"SearchAction\",\"target\":{\"@type\":\"EntryPoint\",\"urlTemplate\":\"https:\/\/www.dabusarquitetura.com.br\/blog\/?s={search_term_string}\"},\"query-input\":\"required name=search_term_string\"}],\"inLanguage\":\"pt-BR\"},{\"@type\":\"Person\",\"@id\":\"https:\/\/www.dabusarquitetura.com.br\/blog\/#\/schema\/person\/978b78d74759412a1cd43634996237c4\",\"name\":\"heloisa.dabus\",\"image\":{\"@type\":\"ImageObject\",\"inLanguage\":\"pt-BR\",\"@id\":\"https:\/\/www.dabusarquitetura.com.br\/blog\/#\/schema\/person\/image\/\",\"url\":\"https:\/\/secure.gravatar.com\/avatar\/4078f4f8e54fb70a99a5e9edc642ecb1?s=96&d=mm&r=g\",\"contentUrl\":\"https:\/\/secure.gravatar.com\/avatar\/4078f4f8e54fb70a99a5e9edc642ecb1?s=96&d=mm&r=g\",\"caption\":\"heloisa.dabus\"},\"url\":\"https:\/\/www.dabusarquitetura.com.br\/blog\/author\/heloisa-dabus\/\"}]}<\/script>\n<!-- \/ Yoast SEO plugin. -->","yoast_head_json":{"title":"O tempo do coronav\u00edrus nas superf\u00edcies: Saiba as principais!","description":"Conhecer o tempo do coronav\u00edrus nas superf\u00edcies ajuda a otimizar as medidas de preven\u00e7\u00e3o e higieniza\u00e7\u00e3o. Confira e proteja seu neg\u00f3cio!","robots":{"index":"index","follow":"follow","max-snippet":"max-snippet:-1","max-image-preview":"max-image-preview:large","max-video-preview":"max-video-preview:-1"},"canonical":"https:\/\/www.dabusarquitetura.com.br\/blog\/tempo-coronavirus-superficies-principais\/","og_locale":"pt_BR","og_type":"article","og_title":"O tempo do coronav\u00edrus nas superf\u00edcies: Saiba as principais!","og_description":"Conhecer o tempo do coronav\u00edrus nas superf\u00edcies ajuda a otimizar as medidas de preven\u00e7\u00e3o e higieniza\u00e7\u00e3o. Confira e proteja seu neg\u00f3cio!","og_url":"https:\/\/www.dabusarquitetura.com.br\/blog\/tempo-coronavirus-superficies-principais\/","og_site_name":"DABUS ARQUITETURA","article_published_time":"2020-06-11T15:22:44+00:00","article_modified_time":"2020-06-11T15:22:45+00:00","og_image":[{"url":"http:\/\/www.dabus.com.br\/blog\/wp-content\/uploads\/2020\/06\/tempo-coronavirus-superficies.png"}],"author":"heloisa.dabus","twitter_card":"summary_large_image","twitter_misc":{"Escrito por":"heloisa.dabus","Est. tempo de leitura":"3 minutos"},"schema":{"@context":"https:\/\/schema.org","@graph":[{"@type":"WebPage","@id":"https:\/\/www.dabusarquitetura.com.br\/blog\/tempo-coronavirus-superficies-principais\/","url":"https:\/\/www.dabusarquitetura.com.br\/blog\/tempo-coronavirus-superficies-principais\/","name":"O tempo do coronav\u00edrus nas superf\u00edcies: Saiba as principais!","isPartOf":{"@id":"https:\/\/www.dabusarquitetura.com.br\/blog\/#website"},"datePublished":"2020-06-11T15:22:44+00:00","dateModified":"2020-06-11T15:22:45+00:00","author":{"@id":"https:\/\/www.dabusarquitetura.com.br\/blog\/#\/schema\/person\/978b78d74759412a1cd43634996237c4"},"description":"Conhecer o tempo do coronav\u00edrus nas superf\u00edcies ajuda a otimizar as medidas de preven\u00e7\u00e3o e higieniza\u00e7\u00e3o. Confira e proteja seu neg\u00f3cio!","breadcrumb":{"@id":"https:\/\/www.dabusarquitetura.com.br\/blog\/tempo-coronavirus-superficies-principais\/#breadcrumb"},"inLanguage":"pt-BR","potentialAction":[{"@type":"ReadAction","target":["https:\/\/www.dabusarquitetura.com.br\/blog\/tempo-coronavirus-superficies-principais\/"]}]},{"@type":"BreadcrumbList","@id":"https:\/\/www.dabusarquitetura.com.br\/blog\/tempo-coronavirus-superficies-principais\/#breadcrumb","itemListElement":[{"@type":"ListItem","position":1,"name":"In\u00edcio","item":"https:\/\/www.dabusarquitetura.com.br\/blog\/"},{"@type":"ListItem","position":2,"name":"O tempo do coronav\u00edrus nas superf\u00edcies: Saiba as principais!"}]},{"@type":"WebSite","@id":"https:\/\/www.dabusarquitetura.com.br\/blog\/#website","url":"https:\/\/www.dabusarquitetura.com.br\/blog\/","name":"DABUS ARQUITETURA","description":"Arquitetura Corporativa","potentialAction":[{"@type":"SearchAction","target":{"@type":"EntryPoint","urlTemplate":"https:\/\/www.dabusarquitetura.com.br\/blog\/?s={search_term_string}"},"query-input":"required name=search_term_string"}],"inLanguage":"pt-BR"},{"@type":"Person","@id":"https:\/\/www.dabusarquitetura.com.br\/blog\/#\/schema\/person\/978b78d74759412a1cd43634996237c4","name":"heloisa.dabus","image":{"@type":"ImageObject","inLanguage":"pt-BR","@id":"https:\/\/www.dabusarquitetura.com.br\/blog\/#\/schema\/person\/image\/","url":"https:\/\/secure.gravatar.com\/avatar\/4078f4f8e54fb70a99a5e9edc642ecb1?s=96&d=mm&r=g","contentUrl":"https:\/\/secure.gravatar.com\/avatar\/4078f4f8e54fb70a99a5e9edc642ecb1?s=96&d=mm&r=g","caption":"heloisa.dabus"},"url":"https:\/\/www.dabusarquitetura.com.br\/blog\/author\/heloisa-dabus\/"}]}},"_links":{"self":[{"href":"https:\/\/www.dabusarquitetura.com.br\/blog\/wp-json\/wp\/v2\/posts\/15277"}],"collection":[{"href":"https:\/\/www.dabusarquitetura.com.br\/blog\/wp-json\/wp\/v2\/posts"}],"about":[{"href":"https:\/\/www.dabusarquitetura.com.br\/blog\/wp-json\/wp\/v2\/types\/post"}],"author":[{"embeddable":true,"href":"https:\/\/www.dabusarquitetura.com.br\/blog\/wp-json\/wp\/v2\/users\/3"}],"replies":[{"embeddable":true,"href":"https:\/\/www.dabusarquitetura.com.br\/blog\/wp-json\/wp\/v2\/comments?post=15277"}],"version-history":[{"count":3,"href":"https:\/\/www.dabusarquitetura.com.br\/blog\/wp-json\/wp\/v2\/posts\/15277\/revisions"}],"predecessor-version":[{"id":15281,"href":"https:\/\/www.dabusarquitetura.com.br\/blog\/wp-json\/wp\/v2\/posts\/15277\/revisions\/15281"}],"wp:attachment":[{"href":"https:\/\/www.dabusarquitetura.com.br\/blog\/wp-json\/wp\/v2\/media?parent=15277"}],"wp:term":[{"taxonomy":"category","embeddable":true,"href":"https:\/\/www.dabusarquitetura.com.br\/blog\/wp-json\/wp\/v2\/categories?post=15277"},{"taxonomy":"post_tag","embeddable":true,"href":"https:\/\/www.dabusarquitetura.com.br\/blog\/wp-json\/wp\/v2\/tags?post=15277"}],"curies":[{"name":"wp","href":"https:\/\/api.w.org\/{rel}","templated":true}]}}