{"id":15216,"date":"2020-05-07T17:14:55","date_gmt":"2020-05-07T17:14:55","guid":{"rendered":"http:\/\/www.dabus.com.br\/blog\/?p=15216"},"modified":"2020-05-07T17:14:56","modified_gmt":"2020-05-07T17:14:56","slug":"erros-matam-competitividade-empresarial","status":"publish","type":"post","link":"https:\/\/www.dabusarquitetura.com.br\/blog\/erros-matam-competitividade-empresarial\/","title":{"rendered":"6 erros que matam a competitividade empresarial"},"content":{"rendered":"\n<div class=\"wp-block-image\"><figure class=\"aligncenter\"><img decoding=\"async\" loading=\"lazy\" width=\"834\" height=\"317\" src=\"http:\/\/www.dabus.com.br\/blog\/wp-content\/uploads\/2020\/05\/erros-matam-competitividade-empresarial.png\" alt=\"Erros que matam a competitividade empresarial\" class=\"wp-image-15221\" srcset=\"https:\/\/www.dabusarquitetura.com.br\/blog\/wp-content\/uploads\/2020\/05\/erros-matam-competitividade-empresarial.png 834w, https:\/\/www.dabusarquitetura.com.br\/blog\/wp-content\/uploads\/2020\/05\/erros-matam-competitividade-empresarial-300x114.png 300w, https:\/\/www.dabusarquitetura.com.br\/blog\/wp-content\/uploads\/2020\/05\/erros-matam-competitividade-empresarial-768x292.png 768w\" sizes=\"(max-width: 834px) 100vw, 834px\" \/><\/figure><\/div>\n\n\n\n<p>Se destacar (positivamente) no mercado traz dois grandes benef\u00edcios. Um \u00e9 ter a marca e seus valores reconhecidos, o que gera os f\u00e3s defensores da empresa. Outro \u00e9 o pr\u00f3prio lucro decorrente da visibilidade, credibilidade e carinho conquistados. Por\u00e9m, para chegar l\u00e1 \u00e9 necess\u00e1rio investir na <strong>competitividade empresarial<\/strong>. <\/p>\n\n\n\n<p>H\u00e1 muitas e diferentes op\u00e7\u00f5es dispon\u00edveis no mercado. O seu neg\u00f3cio e suas solu\u00e7\u00f5es disputam o espa\u00e7o com elas. A competi\u00e7\u00e3o come\u00e7a j\u00e1 na <strong>busca pela visibilidade<\/strong>, por um lugar ao sol, processo no qual as a\u00e7\u00f5es de marketing s\u00e3o essenciais. <\/p>\n\n\n\n<p>As novas tecnologias, o ritmo acelerado de mudan\u00e7as e a economia, de forma mais abrangente, sem d\u00favida imp\u00f5em desafios \u00e0 competitividade empresarial. \u00c9 preciso acompanhar os cen\u00e1rios o tempo todo e <strong>ser \u00e1gil na tomada decis\u00f5es<\/strong>. Muitas organiza\u00e7\u00f5es s\u00f3 se preocupam em fazer algo em momentos de maior tens\u00e3o. Mas, infelizmente, \u00e9 comum que seja tarde demais. <\/p>\n\n\n\n<p>Para evitar uma atua\u00e7\u00e3o comprometedora, hoje veremos quais atitudes tornam um neg\u00f3cio menos competitivo. Fique de olho!<\/p>\n\n\n\n<h2 class=\"wp-block-heading\"><strong>O que influencia a competitividade empresarial?<\/strong><\/h2>\n\n\n\n<p>H\u00e1 diversos fatores que impactam uma empresa. Fatores externos (como a pol\u00edtica e a economia, j\u00e1 citada) e internos (como a gest\u00e3o e a equipe). Os gestores e diretores devem estar atentos a ambos para tra\u00e7ar estrat\u00e9gias e corrigir o que for necess\u00e1rio com rapidez, sem que as oportunidades sejam perdidas. <\/p>\n\n\n\n<p>A maneira como os processos s\u00e3o desenvolvidos, a capacidade de inova\u00e7\u00e3o, a pol\u00edtica de pre\u00e7os e os diferenciais da marca s\u00e3o alguns dos aspectos que ajudam a construir a competitividade empresarial. H\u00e1 muitos outros e cada nicho ou realidade apresenta suas pr\u00f3prias necessidades.<\/p>\n\n\n\n<p>Contudo, a seguir, queremos chamar a sua aten\u00e7\u00e3o para pontos que costumam ser esquecidos e que, dessa forma, acabam prejudicando o potencial competitivo. Fique atento! <\/p>\n\n\n\n<h3 class=\"wp-block-heading\"><strong>1. Considerar apenas o produto<\/strong><\/h3>\n\n\n\n<p>Investir no produto (tecnologia, inova\u00e7\u00e3o, qualidade) e em sua divulga\u00e7\u00e3o (campanhas de vendas) \u00e9, com certeza, indispens\u00e1vel. Mas n\u00e3o \u00e9 s\u00f3 isso que garante a competitividade. \u00c9 necess\u00e1rio trabalhar tamb\u00e9m a personalidade, os valores, a postura e as causas da marca. O seu <strong>branding<\/strong> n\u00e3o pode ser ignorado!<\/p>\n\n\n\n<h3 class=\"wp-block-heading\"><strong>2. Imitar o concorrente<\/strong><\/h3>\n\n\n\n<p>Sem observar e <strong>analisar a concorr\u00eancia<\/strong> n\u00e3o \u00e9 poss\u00edvel saber como o seu neg\u00f3cio pode se diferenciar. O acompanhamento dela tem de ser constante. Entretanto, n\u00e3o passe a adotar tudo o que os outros est\u00e3o fazendo. Assim n\u00e3o ser\u00e1 poss\u00edvel ter personalidade e uma proposta \u00fanica. <\/p>\n\n\n\n<h3 class=\"wp-block-heading\"><strong>3. Falhar na gest\u00e3o financeira<\/strong><\/h3>\n\n\n\n<p>Um financeiro doente prejudica toda a empresa. N\u00e3o ter conhecimento a respeito do retorno sobre o investimento, do fluxo de caixa e das reservas, por exemplo, inviabiliza praticamente todas as a\u00e7\u00f5es que poderiam ser tomadas. Esse setor \u00e9 o cora\u00e7\u00e3o da companhia. Se ele falhar, as demais partes do \u201ccorpo\u201d certamente ir\u00e3o sofrer. <\/p>\n\n\n\n<h3 class=\"wp-block-heading\"><strong>4. Insistir em funcion\u00e1rios desalinhados<\/strong><\/h3>\n\n\n\n<p>Uma equipe desalinhada pouco poder\u00e1 fazer pelo bem da empresa. Se tornar\u00e1 improdutiva e infeliz. Portanto, aqueles que n\u00e3o d\u00e3o sinais (ap\u00f3s um tempo) de caminhar junto com os objetivos, a cultura e os valores tra\u00e7ados, devem ficar livres para contribu\u00edrem com outras organiza\u00e7\u00f5es. <\/p>\n\n\n\n<h3 class=\"wp-block-heading\"><strong>5. Atirar para todos os lados<\/strong><\/h3>\n\n\n\n<p>Oferecer o produto para todos os p\u00fablicos, estar em todas redes sociais e explorar o <a href=\"https:\/\/rockcontent.com\/blog\/mix-de-produtos\/\" target=\"_blank\" rel=\"noreferrer noopener\" aria-label=\"mix de produtos  (abre numa nova aba)\">mix de produtos <\/a>sem prioridades, torna o caminho da competitividade muito mais dif\u00edcil, demorado e, sobretudo, <strong>caro<\/strong>. Dessa maneira, procure focar nos pontos fortes, nos diferenciais e no nicho com maior propens\u00e3o de se interessar por suas ofertas.<\/p>\n\n\n\n<h3 class=\"wp-block-heading\"><strong>6. N\u00e3o trabalhar a An\u00e1lise Swot<\/strong><\/h3>\n\n\n\n<p>A An\u00e1lise Swot \u00e9 um m\u00e9todo de <strong>planejamento estrat\u00e9gico <\/strong>que relaciona: for\u00e7as, fraquezas, oportunidades e amea\u00e7as da empresa. Sem uma vis\u00e3o clara desses aspectos n\u00e3o \u00e9 poss\u00edvel ter um norte bem definido. N\u00e3o \u00e9 poss\u00edvel investir no que realmente importa, nem em combater a concorr\u00eancia de modo adequado. <\/p>\n\n\n\n<p>Para complementar a leitura, indicamos o nosso artigo sobre <a href=\"https:\/\/www.dabus.com.br\/blog\/2020\/02\/como-criar-diferencial-competitivo-negocio\/\"><strong>como criar diferencial competitivo<\/strong><\/a>. <\/p>\n\n\n\n<p>Mas n\u00e3o se preocupe em fazer tudo de uma vez. As estrat\u00e9gias para ganhar competitividade s\u00e3o criadas e ajustadas tamb\u00e9m <strong>ao longo do tempo<\/strong>. Comece a partir das pequenas medidas, mantendo em vista as quest\u00f5es (acima) que precisam ser evitadas.<\/p>\n","protected":false},"excerpt":{"rendered":"<p>Se destacar (positivamente) no mercado traz dois grandes benef\u00edcios. Um \u00e9 ter a marca e seus valores reconhecidos, o que gera os f\u00e3s defensores da [&hellip;]<\/p>\n","protected":false},"author":3,"featured_media":0,"comment_status":"open","ping_status":"open","sticky":false,"template":"","format":"standard","meta":[],"categories":[25],"tags":[],"yoast_head":"<!-- This site is optimized with the Yoast SEO plugin v20.8 - https:\/\/yoast.com\/wordpress\/plugins\/seo\/ -->\n<title>Conhe\u00e7a 6 erros que matam a competitividade empresarial<\/title>\n<meta name=\"description\" content=\"Um passo em falso e a competitividade empresarial pode ser comprometida. Fique atento a 6 erros que devem ser evitados para n\u00e3o prejudicar todo o neg\u00f3cio!\" \/>\n<meta name=\"robots\" content=\"index, follow, max-snippet:-1, max-image-preview:large, max-video-preview:-1\" \/>\n<link rel=\"canonical\" href=\"https:\/\/www.dabusarquitetura.com.br\/blog\/erros-matam-competitividade-empresarial\/\" \/>\n<meta property=\"og:locale\" content=\"pt_BR\" \/>\n<meta property=\"og:type\" content=\"article\" \/>\n<meta property=\"og:title\" content=\"Conhe\u00e7a 6 erros que matam a competitividade empresarial\" \/>\n<meta property=\"og:description\" content=\"Um passo em falso e a competitividade empresarial pode ser comprometida. Fique atento a 6 erros que devem ser evitados para n\u00e3o prejudicar todo o neg\u00f3cio!\" \/>\n<meta property=\"og:url\" content=\"https:\/\/www.dabusarquitetura.com.br\/blog\/erros-matam-competitividade-empresarial\/\" \/>\n<meta property=\"og:site_name\" content=\"DABUS ARQUITETURA\" \/>\n<meta property=\"article:published_time\" content=\"2020-05-07T17:14:55+00:00\" \/>\n<meta property=\"article:modified_time\" content=\"2020-05-07T17:14:56+00:00\" \/>\n<meta property=\"og:image\" content=\"http:\/\/www.dabus.com.br\/blog\/wp-content\/uploads\/2020\/05\/erros-matam-competitividade-empresarial.png\" \/>\n<meta name=\"author\" content=\"heloisa.dabus\" \/>\n<meta name=\"twitter:card\" content=\"summary_large_image\" \/>\n<meta name=\"twitter:label1\" content=\"Escrito por\" \/>\n\t<meta name=\"twitter:data1\" content=\"heloisa.dabus\" \/>\n\t<meta name=\"twitter:label2\" content=\"Est. tempo de leitura\" \/>\n\t<meta name=\"twitter:data2\" content=\"4 minutos\" \/>\n<script type=\"application\/ld+json\" class=\"yoast-schema-graph\">{\"@context\":\"https:\/\/schema.org\",\"@graph\":[{\"@type\":\"WebPage\",\"@id\":\"https:\/\/www.dabusarquitetura.com.br\/blog\/erros-matam-competitividade-empresarial\/\",\"url\":\"https:\/\/www.dabusarquitetura.com.br\/blog\/erros-matam-competitividade-empresarial\/\",\"name\":\"Conhe\u00e7a 6 erros que matam a competitividade empresarial\",\"isPartOf\":{\"@id\":\"https:\/\/www.dabusarquitetura.com.br\/blog\/#website\"},\"datePublished\":\"2020-05-07T17:14:55+00:00\",\"dateModified\":\"2020-05-07T17:14:56+00:00\",\"author\":{\"@id\":\"https:\/\/www.dabusarquitetura.com.br\/blog\/#\/schema\/person\/978b78d74759412a1cd43634996237c4\"},\"description\":\"Um passo em falso e a competitividade empresarial pode ser comprometida. Fique atento a 6 erros que devem ser evitados para n\u00e3o prejudicar todo o neg\u00f3cio!\",\"breadcrumb\":{\"@id\":\"https:\/\/www.dabusarquitetura.com.br\/blog\/erros-matam-competitividade-empresarial\/#breadcrumb\"},\"inLanguage\":\"pt-BR\",\"potentialAction\":[{\"@type\":\"ReadAction\",\"target\":[\"https:\/\/www.dabusarquitetura.com.br\/blog\/erros-matam-competitividade-empresarial\/\"]}]},{\"@type\":\"BreadcrumbList\",\"@id\":\"https:\/\/www.dabusarquitetura.com.br\/blog\/erros-matam-competitividade-empresarial\/#breadcrumb\",\"itemListElement\":[{\"@type\":\"ListItem\",\"position\":1,\"name\":\"In\u00edcio\",\"item\":\"https:\/\/www.dabusarquitetura.com.br\/blog\/\"},{\"@type\":\"ListItem\",\"position\":2,\"name\":\"6 erros que matam a competitividade empresarial\"}]},{\"@type\":\"WebSite\",\"@id\":\"https:\/\/www.dabusarquitetura.com.br\/blog\/#website\",\"url\":\"https:\/\/www.dabusarquitetura.com.br\/blog\/\",\"name\":\"DABUS ARQUITETURA\",\"description\":\"Arquitetura Corporativa\",\"potentialAction\":[{\"@type\":\"SearchAction\",\"target\":{\"@type\":\"EntryPoint\",\"urlTemplate\":\"https:\/\/www.dabusarquitetura.com.br\/blog\/?s={search_term_string}\"},\"query-input\":\"required name=search_term_string\"}],\"inLanguage\":\"pt-BR\"},{\"@type\":\"Person\",\"@id\":\"https:\/\/www.dabusarquitetura.com.br\/blog\/#\/schema\/person\/978b78d74759412a1cd43634996237c4\",\"name\":\"heloisa.dabus\",\"image\":{\"@type\":\"ImageObject\",\"inLanguage\":\"pt-BR\",\"@id\":\"https:\/\/www.dabusarquitetura.com.br\/blog\/#\/schema\/person\/image\/\",\"url\":\"https:\/\/secure.gravatar.com\/avatar\/4078f4f8e54fb70a99a5e9edc642ecb1?s=96&d=mm&r=g\",\"contentUrl\":\"https:\/\/secure.gravatar.com\/avatar\/4078f4f8e54fb70a99a5e9edc642ecb1?s=96&d=mm&r=g\",\"caption\":\"heloisa.dabus\"},\"url\":\"https:\/\/www.dabusarquitetura.com.br\/blog\/author\/heloisa-dabus\/\"}]}<\/script>\n<!-- \/ Yoast SEO plugin. -->","yoast_head_json":{"title":"Conhe\u00e7a 6 erros que matam a competitividade empresarial","description":"Um passo em falso e a competitividade empresarial pode ser comprometida. Fique atento a 6 erros que devem ser evitados para n\u00e3o prejudicar todo o neg\u00f3cio!","robots":{"index":"index","follow":"follow","max-snippet":"max-snippet:-1","max-image-preview":"max-image-preview:large","max-video-preview":"max-video-preview:-1"},"canonical":"https:\/\/www.dabusarquitetura.com.br\/blog\/erros-matam-competitividade-empresarial\/","og_locale":"pt_BR","og_type":"article","og_title":"Conhe\u00e7a 6 erros que matam a competitividade empresarial","og_description":"Um passo em falso e a competitividade empresarial pode ser comprometida. Fique atento a 6 erros que devem ser evitados para n\u00e3o prejudicar todo o neg\u00f3cio!","og_url":"https:\/\/www.dabusarquitetura.com.br\/blog\/erros-matam-competitividade-empresarial\/","og_site_name":"DABUS ARQUITETURA","article_published_time":"2020-05-07T17:14:55+00:00","article_modified_time":"2020-05-07T17:14:56+00:00","og_image":[{"url":"http:\/\/www.dabus.com.br\/blog\/wp-content\/uploads\/2020\/05\/erros-matam-competitividade-empresarial.png"}],"author":"heloisa.dabus","twitter_card":"summary_large_image","twitter_misc":{"Escrito por":"heloisa.dabus","Est. tempo de leitura":"4 minutos"},"schema":{"@context":"https:\/\/schema.org","@graph":[{"@type":"WebPage","@id":"https:\/\/www.dabusarquitetura.com.br\/blog\/erros-matam-competitividade-empresarial\/","url":"https:\/\/www.dabusarquitetura.com.br\/blog\/erros-matam-competitividade-empresarial\/","name":"Conhe\u00e7a 6 erros que matam a competitividade empresarial","isPartOf":{"@id":"https:\/\/www.dabusarquitetura.com.br\/blog\/#website"},"datePublished":"2020-05-07T17:14:55+00:00","dateModified":"2020-05-07T17:14:56+00:00","author":{"@id":"https:\/\/www.dabusarquitetura.com.br\/blog\/#\/schema\/person\/978b78d74759412a1cd43634996237c4"},"description":"Um passo em falso e a competitividade empresarial pode ser comprometida. Fique atento a 6 erros que devem ser evitados para n\u00e3o prejudicar todo o neg\u00f3cio!","breadcrumb":{"@id":"https:\/\/www.dabusarquitetura.com.br\/blog\/erros-matam-competitividade-empresarial\/#breadcrumb"},"inLanguage":"pt-BR","potentialAction":[{"@type":"ReadAction","target":["https:\/\/www.dabusarquitetura.com.br\/blog\/erros-matam-competitividade-empresarial\/"]}]},{"@type":"BreadcrumbList","@id":"https:\/\/www.dabusarquitetura.com.br\/blog\/erros-matam-competitividade-empresarial\/#breadcrumb","itemListElement":[{"@type":"ListItem","position":1,"name":"In\u00edcio","item":"https:\/\/www.dabusarquitetura.com.br\/blog\/"},{"@type":"ListItem","position":2,"name":"6 erros que matam a competitividade empresarial"}]},{"@type":"WebSite","@id":"https:\/\/www.dabusarquitetura.com.br\/blog\/#website","url":"https:\/\/www.dabusarquitetura.com.br\/blog\/","name":"DABUS ARQUITETURA","description":"Arquitetura Corporativa","potentialAction":[{"@type":"SearchAction","target":{"@type":"EntryPoint","urlTemplate":"https:\/\/www.dabusarquitetura.com.br\/blog\/?s={search_term_string}"},"query-input":"required name=search_term_string"}],"inLanguage":"pt-BR"},{"@type":"Person","@id":"https:\/\/www.dabusarquitetura.com.br\/blog\/#\/schema\/person\/978b78d74759412a1cd43634996237c4","name":"heloisa.dabus","image":{"@type":"ImageObject","inLanguage":"pt-BR","@id":"https:\/\/www.dabusarquitetura.com.br\/blog\/#\/schema\/person\/image\/","url":"https:\/\/secure.gravatar.com\/avatar\/4078f4f8e54fb70a99a5e9edc642ecb1?s=96&d=mm&r=g","contentUrl":"https:\/\/secure.gravatar.com\/avatar\/4078f4f8e54fb70a99a5e9edc642ecb1?s=96&d=mm&r=g","caption":"heloisa.dabus"},"url":"https:\/\/www.dabusarquitetura.com.br\/blog\/author\/heloisa-dabus\/"}]}},"_links":{"self":[{"href":"https:\/\/www.dabusarquitetura.com.br\/blog\/wp-json\/wp\/v2\/posts\/15216"}],"collection":[{"href":"https:\/\/www.dabusarquitetura.com.br\/blog\/wp-json\/wp\/v2\/posts"}],"about":[{"href":"https:\/\/www.dabusarquitetura.com.br\/blog\/wp-json\/wp\/v2\/types\/post"}],"author":[{"embeddable":true,"href":"https:\/\/www.dabusarquitetura.com.br\/blog\/wp-json\/wp\/v2\/users\/3"}],"replies":[{"embeddable":true,"href":"https:\/\/www.dabusarquitetura.com.br\/blog\/wp-json\/wp\/v2\/comments?post=15216"}],"version-history":[{"count":5,"href":"https:\/\/www.dabusarquitetura.com.br\/blog\/wp-json\/wp\/v2\/posts\/15216\/revisions"}],"predecessor-version":[{"id":15223,"href":"https:\/\/www.dabusarquitetura.com.br\/blog\/wp-json\/wp\/v2\/posts\/15216\/revisions\/15223"}],"wp:attachment":[{"href":"https:\/\/www.dabusarquitetura.com.br\/blog\/wp-json\/wp\/v2\/media?parent=15216"}],"wp:term":[{"taxonomy":"category","embeddable":true,"href":"https:\/\/www.dabusarquitetura.com.br\/blog\/wp-json\/wp\/v2\/categories?post=15216"},{"taxonomy":"post_tag","embeddable":true,"href":"https:\/\/www.dabusarquitetura.com.br\/blog\/wp-json\/wp\/v2\/tags?post=15216"}],"curies":[{"name":"wp","href":"https:\/\/api.w.org\/{rel}","templated":true}]}}