{"id":15153,"date":"2020-03-18T01:01:33","date_gmt":"2020-03-18T01:01:33","guid":{"rendered":"http:\/\/www.dabus.com.br\/blog\/?p=15153"},"modified":"2020-03-18T01:13:07","modified_gmt":"2020-03-18T01:13:07","slug":"geracao-z-na-escola-processo-aprendizagem","status":"publish","type":"post","link":"https:\/\/www.dabusarquitetura.com.br\/blog\/geracao-z-na-escola-processo-aprendizagem\/","title":{"rendered":"Gera\u00e7\u00e3o Z na escola: Como envolv\u00ea-la no processo de aprendizagem?"},"content":{"rendered":"\n<div class=\"wp-block-image\"><figure class=\"aligncenter\"><img decoding=\"async\" loading=\"lazy\" width=\"834\" height=\"317\" src=\"http:\/\/www.dabus.com.br\/blog\/wp-content\/uploads\/2020\/03\/geracao-z-na-escola.png\" alt=\"Gera\u00e7\u00e3o Z na escola\" class=\"wp-image-15155\" srcset=\"https:\/\/www.dabusarquitetura.com.br\/blog\/wp-content\/uploads\/2020\/03\/geracao-z-na-escola.png 834w, https:\/\/www.dabusarquitetura.com.br\/blog\/wp-content\/uploads\/2020\/03\/geracao-z-na-escola-300x114.png 300w, https:\/\/www.dabusarquitetura.com.br\/blog\/wp-content\/uploads\/2020\/03\/geracao-z-na-escola-768x292.png 768w\" sizes=\"(max-width: 834px) 100vw, 834px\" \/><\/figure><\/div>\n\n\n\n<p>Nativos digitais, impacientes, din\u00e2micos e cr\u00edticos. Os nascidos a partir dos anos 90 at\u00e9 2010 representam um verdadeiro desafio para professores, e todo um sistema de ensino, acostumados com o <strong>aprendizado passivo<\/strong>. Falar sobre a <strong>gera\u00e7\u00e3o Z na escola<\/strong> \u00e9 falar sobre mudan\u00e7as profundas, que ainda n\u00e3o foram completamente assimiladas.<\/p>\n\n\n\n<p>\u00c0 medida que os anos avan\u00e7am novos aspectos s\u00e3o compreendidos acerca do comportamento das diferentes gera\u00e7\u00f5es. Nada mais natural. Mas \u00e9 interessante observar as <strong>inova\u00e7\u00f5es<\/strong> <strong>tecnol\u00f3gicas<\/strong> nesse contexto. Elas s\u00e3o respons\u00e1veis, em boa parte, por confrontar padr\u00f5es, conceitos e modelos que, diante delas, precisam ser adaptados ou, at\u00e9 mesmo, abandonados.<\/p>\n\n\n\n<p>Entretanto, n\u00e3o \u00e9 poss\u00edvel esperar uma acomoda\u00e7\u00e3o frente \u00e0s transforma\u00e7\u00f5es em curso. \u00c9 necess\u00e1rio desbrav\u00e1-las e a escola \u00e9 um agente indispens\u00e1vel nesse sentido.<\/p>\n\n\n\n<p>No post de hoje veremos quais implementa\u00e7\u00f5es podem ser articuladas para melhor <strong>envolver os alunos Z <\/strong>no processo de ensino.<\/p>\n\n\n\n<p>Vamos juntos buscar o desenvolvimento!<\/p>\n\n\n\n<h2 class=\"wp-block-heading\"><strong>Caracter\u00edsticas da gera\u00e7\u00e3o Z na escola<\/strong><\/h2>\n\n\n\n<p>Como j\u00e1 nasceram em um mundo superconectado, repleto de gadgets e interatividade, esses jovens tendem a ter uma <strong>aten\u00e7\u00e3o mais fragmentada<\/strong>. Gostam de solu\u00e7\u00f5es r\u00e1pidas e s\u00e3o multitarefas. Assim, estudar ouvindo m\u00fasica ou trocando mensagens pelo celular, por exemplo, n\u00e3o \u00e9 uma dificuldade para eles. <\/p>\n\n\n\n<p>Al\u00e9m disso, gra\u00e7as \u00e0s ferramentas digitais, de f\u00e1cil acesso, tamb\u00e9m s\u00e3o produtores de conte\u00fado. Seja em blogs, em suas redes sociais ou em outros projetos que lhes permitam compartilhar suas opini\u00f5es, talentos e estilo de vida.<\/p>\n\n\n\n<p>Por isso, a gera\u00e7\u00e3o Z na escola \u00e9 percebida como inquieta e, muitas vezes, at\u00e9 desinteressada. Se por um lado h\u00e1 a criatividade e a habilidade com computadores, por outro h\u00e1 a dificuldade de empreender trabalhos mais extensos ou, simplesmente, em se ater a li\u00e7\u00f5es cujos temas n\u00e3o conversam diretamente com o seu cotidiano.<\/p>\n\n\n\n<p>A seguir pontuamos algumas estrat\u00e9gias para buscar o <strong>engajamento desses estudantes<\/strong> nas aulas.<\/p>\n\n\n\n<h3 class=\"wp-block-heading\"><strong>5 <\/strong><strong>dicas para otimizar o processo de aprendizagem da gera\u00e7\u00e3o Z<\/strong><\/h3>\n\n\n\n<p>O papel do professor em sala de aula tamb\u00e9m mudou: antes considerado o detentor de todo o conhecimento que os alunos adquiriam de forma passiva, hoje a figura do docente passa a ser, tamb\u00e9m, a de mediador entre o aluno e a infinidade de informa\u00e7\u00f5es dispon\u00edveis em seu dia a dia \u2013 o que fez com que as aulas expositivas n\u00e3o tenham mais tanto engajamento como tinham antigamente, sendo pouco a pouco substitu\u00eddas por metodologias de ensino em que o aluno torna-se protagonista do seu aprendizado.<\/p>\n\n\n\n<p>Com tantas informa\u00e7\u00f5es a disposi\u00e7\u00e3o, pode-se dizer que os jovens da Gera\u00e7\u00e3o Z aprendem de um jeito diferente e, portanto, a metodologia de ensino utilizada nas escolas tradicionais j\u00e1 n\u00e3o funciona t\u00e3o bem para eles. Confira a seguir algumas dicas para estimular os estudantes em sala de aula:<\/p>\n\n\n\n<h3 class=\"wp-block-heading\"><strong>1. Explore o mundo digital<\/strong><\/h3>\n\n\n\n<p>Sites, redes sociais, aplicativos e canais do YouTube, por exemplo, podem ser adotados como fontes de refer\u00eancia para os trabalhos. Grupos no WhatsApp podem ser usados para desenvolver estudos e apresenta\u00e7\u00f5es com a media\u00e7\u00e3o de um professor. Videoconfer\u00eancias podem ser aproveitadas para enriquecer a abordagem sobre diferentes temas. Enfim, as possibilidades s\u00e3o diversas. Mas \u00e9 importante que o corpo docente tenha <strong>propriedade para explorar as ferramentas digitais<\/strong>. Tamb\u00e9m \u00e9 essencial que a institui\u00e7\u00e3o forne\u00e7a os meios para isso.<\/p>\n\n\n\n<h3 class=\"wp-block-heading\"><strong>2. Reoriente o papel do professor<\/strong><\/h3>\n\n\n\n<p>Com tanta informa\u00e7\u00e3o dispon\u00edvel e de f\u00e1cil acesso, o professor deixou de ser o detentor do conhecimento. Assim, o seu papel agora deve ser o de um <strong>mediador din\u00e2mico, atento e atualizado<\/strong>. As aulas meramente expositivas devem ceder lugar para mais momentos de participa\u00e7\u00e3o e troca de experi\u00eancias.<\/p>\n\n\n\n<h3 class=\"wp-block-heading\"><strong>3. Fomente solu\u00e7\u00f5es colaborativas<\/strong><\/h3>\n\n\n\n<p>Deixe a entrega de conte\u00fado baseada em processos de lado e abra espa\u00e7o para a constru\u00e7\u00e3o de solu\u00e7\u00f5es colaborativa. Portanto, proponha situa\u00e7\u00f5es-problema frente \u00e0s quais os alunos devem se unir para discutir e encontrar sa\u00eddas criativas. <\/p>\n\n\n\n<h3 class=\"wp-block-heading\"><strong>4. Seja inclusivo<\/strong><\/h3>\n\n\n\n<p>A acessibilidade e a valoriza\u00e7\u00e3o da diversidade s\u00e3o valores que precisam ser absorvidos. Muito mais que o respeito, a escola deve prover meios f\u00edsicos e administrativos para que todos possam aprender sem entraves. <strong>Treinar o time de professores <\/strong>\u00e9 muito importante para poder cumprir bem essa miss\u00e3o. A gera\u00e7\u00e3o Z entende que o mundo \u00e9 plural e reivindica condi\u00e7\u00f5es mais justas entre as pessoas. <\/p>\n\n\n\n<h3 class=\"wp-block-heading\"><strong>5. Conecte os alunos ao mundo&nbsp;<\/strong><\/h3>\n\n\n\n<p>Quest\u00f5es de impacto global n\u00e3o devem ser ignoradas. Pelo contr\u00e1rio. Envolva os jovens em projetos sociais e de preserva\u00e7\u00e3o ao meio ambiente. Aborde a sustentabilidade, a inclus\u00e3o de minorias, os direitos da mulher e outros t\u00f3picos que provocam a <strong>reflex\u00e3o em escala mais abrangente<\/strong>.<\/p>\n\n\n\n<p>Vale destacar que a <a href=\"https:\/\/www.dabus.com.br\/site\/arquitetura-escolas\"><strong>Arquitetura<\/strong> <strong>Escolar<\/strong><\/a> pode ser uma importante aliada para o envolvimento dos alunos.<\/p>\n\n\n\n<p>Como? Acompanhe nosso blog para saber mais sobre o assunto!<\/p>\n","protected":false},"excerpt":{"rendered":"<p>Nativos digitais, impacientes, din\u00e2micos e cr\u00edticos. Os nascidos a partir dos anos 90 at\u00e9 2010 representam um verdadeiro desafio para professores, e todo um sistema [&hellip;]<\/p>\n","protected":false},"author":3,"featured_media":0,"comment_status":"open","ping_status":"open","sticky":false,"template":"","format":"standard","meta":[],"categories":[49],"tags":[],"yoast_head":"<!-- This site is optimized with the Yoast SEO plugin v20.8 - https:\/\/yoast.com\/wordpress\/plugins\/seo\/ -->\n<title>Gera\u00e7\u00e3o Z na escola: Como envolv\u00ea-la no processo de aprendizagem?<\/title>\n<meta name=\"description\" content=\"Falar sobre a gera\u00e7\u00e3o Z na escola \u00e9 falar sobre mudan\u00e7as profundas no palco da aprendizagem. Confira 5 dicas para otimizar esse processo!\" \/>\n<meta name=\"robots\" content=\"index, follow, max-snippet:-1, max-image-preview:large, max-video-preview:-1\" \/>\n<link rel=\"canonical\" href=\"https:\/\/www.dabusarquitetura.com.br\/blog\/geracao-z-na-escola-processo-aprendizagem\/\" \/>\n<meta property=\"og:locale\" content=\"pt_BR\" \/>\n<meta property=\"og:type\" content=\"article\" \/>\n<meta property=\"og:title\" content=\"Gera\u00e7\u00e3o Z na escola: Como envolv\u00ea-la no processo de aprendizagem?\" \/>\n<meta property=\"og:description\" content=\"Falar sobre a gera\u00e7\u00e3o Z na escola \u00e9 falar sobre mudan\u00e7as profundas no palco da aprendizagem. Confira 5 dicas para otimizar esse processo!\" \/>\n<meta property=\"og:url\" content=\"https:\/\/www.dabusarquitetura.com.br\/blog\/geracao-z-na-escola-processo-aprendizagem\/\" \/>\n<meta property=\"og:site_name\" content=\"DABUS ARQUITETURA\" \/>\n<meta property=\"article:published_time\" content=\"2020-03-18T01:01:33+00:00\" \/>\n<meta property=\"article:modified_time\" content=\"2020-03-18T01:13:07+00:00\" \/>\n<meta property=\"og:image\" content=\"http:\/\/www.dabus.com.br\/blog\/wp-content\/uploads\/2020\/03\/geracao-z-na-escola.png\" \/>\n<meta name=\"author\" content=\"heloisa.dabus\" \/>\n<meta name=\"twitter:card\" content=\"summary_large_image\" \/>\n<meta name=\"twitter:label1\" content=\"Escrito por\" \/>\n\t<meta name=\"twitter:data1\" content=\"heloisa.dabus\" \/>\n\t<meta name=\"twitter:label2\" content=\"Est. tempo de leitura\" \/>\n\t<meta name=\"twitter:data2\" content=\"4 minutos\" \/>\n<script type=\"application\/ld+json\" class=\"yoast-schema-graph\">{\"@context\":\"https:\/\/schema.org\",\"@graph\":[{\"@type\":\"WebPage\",\"@id\":\"https:\/\/www.dabusarquitetura.com.br\/blog\/geracao-z-na-escola-processo-aprendizagem\/\",\"url\":\"https:\/\/www.dabusarquitetura.com.br\/blog\/geracao-z-na-escola-processo-aprendizagem\/\",\"name\":\"Gera\u00e7\u00e3o Z na escola: Como envolv\u00ea-la no processo de aprendizagem?\",\"isPartOf\":{\"@id\":\"https:\/\/www.dabusarquitetura.com.br\/blog\/#website\"},\"datePublished\":\"2020-03-18T01:01:33+00:00\",\"dateModified\":\"2020-03-18T01:13:07+00:00\",\"author\":{\"@id\":\"https:\/\/www.dabusarquitetura.com.br\/blog\/#\/schema\/person\/978b78d74759412a1cd43634996237c4\"},\"description\":\"Falar sobre a gera\u00e7\u00e3o Z na escola \u00e9 falar sobre mudan\u00e7as profundas no palco da aprendizagem. Confira 5 dicas para otimizar esse processo!\",\"breadcrumb\":{\"@id\":\"https:\/\/www.dabusarquitetura.com.br\/blog\/geracao-z-na-escola-processo-aprendizagem\/#breadcrumb\"},\"inLanguage\":\"pt-BR\",\"potentialAction\":[{\"@type\":\"ReadAction\",\"target\":[\"https:\/\/www.dabusarquitetura.com.br\/blog\/geracao-z-na-escola-processo-aprendizagem\/\"]}]},{\"@type\":\"BreadcrumbList\",\"@id\":\"https:\/\/www.dabusarquitetura.com.br\/blog\/geracao-z-na-escola-processo-aprendizagem\/#breadcrumb\",\"itemListElement\":[{\"@type\":\"ListItem\",\"position\":1,\"name\":\"In\u00edcio\",\"item\":\"https:\/\/www.dabusarquitetura.com.br\/blog\/\"},{\"@type\":\"ListItem\",\"position\":2,\"name\":\"Gera\u00e7\u00e3o Z na escola: Como envolv\u00ea-la no processo de aprendizagem?\"}]},{\"@type\":\"WebSite\",\"@id\":\"https:\/\/www.dabusarquitetura.com.br\/blog\/#website\",\"url\":\"https:\/\/www.dabusarquitetura.com.br\/blog\/\",\"name\":\"DABUS ARQUITETURA\",\"description\":\"Arquitetura Corporativa\",\"potentialAction\":[{\"@type\":\"SearchAction\",\"target\":{\"@type\":\"EntryPoint\",\"urlTemplate\":\"https:\/\/www.dabusarquitetura.com.br\/blog\/?s={search_term_string}\"},\"query-input\":\"required name=search_term_string\"}],\"inLanguage\":\"pt-BR\"},{\"@type\":\"Person\",\"@id\":\"https:\/\/www.dabusarquitetura.com.br\/blog\/#\/schema\/person\/978b78d74759412a1cd43634996237c4\",\"name\":\"heloisa.dabus\",\"image\":{\"@type\":\"ImageObject\",\"inLanguage\":\"pt-BR\",\"@id\":\"https:\/\/www.dabusarquitetura.com.br\/blog\/#\/schema\/person\/image\/\",\"url\":\"https:\/\/secure.gravatar.com\/avatar\/4078f4f8e54fb70a99a5e9edc642ecb1?s=96&d=mm&r=g\",\"contentUrl\":\"https:\/\/secure.gravatar.com\/avatar\/4078f4f8e54fb70a99a5e9edc642ecb1?s=96&d=mm&r=g\",\"caption\":\"heloisa.dabus\"},\"url\":\"https:\/\/www.dabusarquitetura.com.br\/blog\/author\/heloisa-dabus\/\"}]}<\/script>\n<!-- \/ Yoast SEO plugin. -->","yoast_head_json":{"title":"Gera\u00e7\u00e3o Z na escola: Como envolv\u00ea-la no processo de aprendizagem?","description":"Falar sobre a gera\u00e7\u00e3o Z na escola \u00e9 falar sobre mudan\u00e7as profundas no palco da aprendizagem. Confira 5 dicas para otimizar esse processo!","robots":{"index":"index","follow":"follow","max-snippet":"max-snippet:-1","max-image-preview":"max-image-preview:large","max-video-preview":"max-video-preview:-1"},"canonical":"https:\/\/www.dabusarquitetura.com.br\/blog\/geracao-z-na-escola-processo-aprendizagem\/","og_locale":"pt_BR","og_type":"article","og_title":"Gera\u00e7\u00e3o Z na escola: Como envolv\u00ea-la no processo de aprendizagem?","og_description":"Falar sobre a gera\u00e7\u00e3o Z na escola \u00e9 falar sobre mudan\u00e7as profundas no palco da aprendizagem. Confira 5 dicas para otimizar esse processo!","og_url":"https:\/\/www.dabusarquitetura.com.br\/blog\/geracao-z-na-escola-processo-aprendizagem\/","og_site_name":"DABUS ARQUITETURA","article_published_time":"2020-03-18T01:01:33+00:00","article_modified_time":"2020-03-18T01:13:07+00:00","og_image":[{"url":"http:\/\/www.dabus.com.br\/blog\/wp-content\/uploads\/2020\/03\/geracao-z-na-escola.png"}],"author":"heloisa.dabus","twitter_card":"summary_large_image","twitter_misc":{"Escrito por":"heloisa.dabus","Est. tempo de leitura":"4 minutos"},"schema":{"@context":"https:\/\/schema.org","@graph":[{"@type":"WebPage","@id":"https:\/\/www.dabusarquitetura.com.br\/blog\/geracao-z-na-escola-processo-aprendizagem\/","url":"https:\/\/www.dabusarquitetura.com.br\/blog\/geracao-z-na-escola-processo-aprendizagem\/","name":"Gera\u00e7\u00e3o Z na escola: Como envolv\u00ea-la no processo de aprendizagem?","isPartOf":{"@id":"https:\/\/www.dabusarquitetura.com.br\/blog\/#website"},"datePublished":"2020-03-18T01:01:33+00:00","dateModified":"2020-03-18T01:13:07+00:00","author":{"@id":"https:\/\/www.dabusarquitetura.com.br\/blog\/#\/schema\/person\/978b78d74759412a1cd43634996237c4"},"description":"Falar sobre a gera\u00e7\u00e3o Z na escola \u00e9 falar sobre mudan\u00e7as profundas no palco da aprendizagem. Confira 5 dicas para otimizar esse processo!","breadcrumb":{"@id":"https:\/\/www.dabusarquitetura.com.br\/blog\/geracao-z-na-escola-processo-aprendizagem\/#breadcrumb"},"inLanguage":"pt-BR","potentialAction":[{"@type":"ReadAction","target":["https:\/\/www.dabusarquitetura.com.br\/blog\/geracao-z-na-escola-processo-aprendizagem\/"]}]},{"@type":"BreadcrumbList","@id":"https:\/\/www.dabusarquitetura.com.br\/blog\/geracao-z-na-escola-processo-aprendizagem\/#breadcrumb","itemListElement":[{"@type":"ListItem","position":1,"name":"In\u00edcio","item":"https:\/\/www.dabusarquitetura.com.br\/blog\/"},{"@type":"ListItem","position":2,"name":"Gera\u00e7\u00e3o Z na escola: Como envolv\u00ea-la no processo de aprendizagem?"}]},{"@type":"WebSite","@id":"https:\/\/www.dabusarquitetura.com.br\/blog\/#website","url":"https:\/\/www.dabusarquitetura.com.br\/blog\/","name":"DABUS ARQUITETURA","description":"Arquitetura Corporativa","potentialAction":[{"@type":"SearchAction","target":{"@type":"EntryPoint","urlTemplate":"https:\/\/www.dabusarquitetura.com.br\/blog\/?s={search_term_string}"},"query-input":"required name=search_term_string"}],"inLanguage":"pt-BR"},{"@type":"Person","@id":"https:\/\/www.dabusarquitetura.com.br\/blog\/#\/schema\/person\/978b78d74759412a1cd43634996237c4","name":"heloisa.dabus","image":{"@type":"ImageObject","inLanguage":"pt-BR","@id":"https:\/\/www.dabusarquitetura.com.br\/blog\/#\/schema\/person\/image\/","url":"https:\/\/secure.gravatar.com\/avatar\/4078f4f8e54fb70a99a5e9edc642ecb1?s=96&d=mm&r=g","contentUrl":"https:\/\/secure.gravatar.com\/avatar\/4078f4f8e54fb70a99a5e9edc642ecb1?s=96&d=mm&r=g","caption":"heloisa.dabus"},"url":"https:\/\/www.dabusarquitetura.com.br\/blog\/author\/heloisa-dabus\/"}]}},"_links":{"self":[{"href":"https:\/\/www.dabusarquitetura.com.br\/blog\/wp-json\/wp\/v2\/posts\/15153"}],"collection":[{"href":"https:\/\/www.dabusarquitetura.com.br\/blog\/wp-json\/wp\/v2\/posts"}],"about":[{"href":"https:\/\/www.dabusarquitetura.com.br\/blog\/wp-json\/wp\/v2\/types\/post"}],"author":[{"embeddable":true,"href":"https:\/\/www.dabusarquitetura.com.br\/blog\/wp-json\/wp\/v2\/users\/3"}],"replies":[{"embeddable":true,"href":"https:\/\/www.dabusarquitetura.com.br\/blog\/wp-json\/wp\/v2\/comments?post=15153"}],"version-history":[{"count":3,"href":"https:\/\/www.dabusarquitetura.com.br\/blog\/wp-json\/wp\/v2\/posts\/15153\/revisions"}],"predecessor-version":[{"id":15157,"href":"https:\/\/www.dabusarquitetura.com.br\/blog\/wp-json\/wp\/v2\/posts\/15153\/revisions\/15157"}],"wp:attachment":[{"href":"https:\/\/www.dabusarquitetura.com.br\/blog\/wp-json\/wp\/v2\/media?parent=15153"}],"wp:term":[{"taxonomy":"category","embeddable":true,"href":"https:\/\/www.dabusarquitetura.com.br\/blog\/wp-json\/wp\/v2\/categories?post=15153"},{"taxonomy":"post_tag","embeddable":true,"href":"https:\/\/www.dabusarquitetura.com.br\/blog\/wp-json\/wp\/v2\/tags?post=15153"}],"curies":[{"name":"wp","href":"https:\/\/api.w.org\/{rel}","templated":true}]}}