{"id":15145,"date":"2020-03-03T22:38:36","date_gmt":"2020-03-03T22:38:36","guid":{"rendered":"http:\/\/www.dabus.com.br\/blog\/?p=15145"},"modified":"2020-03-03T22:38:38","modified_gmt":"2020-03-03T22:38:38","slug":"tendencias-espaco-de-aprendizagem","status":"publish","type":"post","link":"https:\/\/www.dabusarquitetura.com.br\/blog\/tendencias-espaco-de-aprendizagem\/","title":{"rendered":"5 tend\u00eancias para o espa\u00e7o de aprendizagem escolar"},"content":{"rendered":"\n<div class=\"wp-block-image\"><figure class=\"aligncenter\"><img decoding=\"async\" loading=\"lazy\" width=\"834\" height=\"317\" src=\"http:\/\/www.dabus.com.br\/blog\/wp-content\/uploads\/2020\/03\/espaco-aprendizagem-escola.png\" alt=\"Espa\u00e7o de aprendizagem escolar\" class=\"wp-image-15149\" srcset=\"https:\/\/www.dabusarquitetura.com.br\/blog\/wp-content\/uploads\/2020\/03\/espaco-aprendizagem-escola.png 834w, https:\/\/www.dabusarquitetura.com.br\/blog\/wp-content\/uploads\/2020\/03\/espaco-aprendizagem-escola-300x114.png 300w, https:\/\/www.dabusarquitetura.com.br\/blog\/wp-content\/uploads\/2020\/03\/espaco-aprendizagem-escola-768x292.png 768w\" sizes=\"(max-width: 834px) 100vw, 834px\" \/><\/figure><\/div>\n\n\n\n<p>A escola \u00e9 o <strong>espa\u00e7o de aprendizagem <\/strong>por excel\u00eancia. Por\u00e9m, n\u00e3o significa que seja o \u00fanico. Nem o mais eficiente. Com as novas gera\u00e7\u00f5es superconectadas tornou-se indispens\u00e1vel repensar esse cl\u00e1ssico palco do saber. A gera\u00e7\u00e3o Z apresenta comportamentos muito diferentes dos <a rel=\"noreferrer noopener\" aria-label=\"Baby Boomers (abre numa nova aba)\" href=\"https:\/\/www.sbcoaching.com.br\/blog\/baby-boomers\/\" target=\"_blank\">Baby Boomers<\/a>, por exemplo. Ent\u00e3o, como trat\u00e1-los da mesma maneira?<\/p>\n\n\n\n<p>A aten\u00e7\u00e3o se desenvolve por meio de outras plataformas. Os interesses est\u00e3o voltados a outros assuntos. O acesso \u00e0 informa\u00e7\u00e3o, hoje, \u00e9 muito mais r\u00e1pido. A internet ensina! Os alunos podem ser os pr\u00f3prios criadores de conte\u00fado.<\/p>\n\n\n\n<p>N\u00e3o vivemos mais em uma era de <strong>comunica\u00e7\u00e3o unilateral<\/strong>. \u00c9 preciso saber ouvir, incentivar a produ\u00e7\u00e3o do conhecimento e trabalhar para extrair o melhor do que cada um tem a oferecer. O professor n\u00e3o \u00e9 mais o \u00fanico quem fala e orienta. Essa, por si s\u00f3, \u00e9 uma transforma\u00e7\u00e3o que desencadeia uma s\u00e9rie de mudan\u00e7as.\u00a0<\/p>\n\n\n\n<p>Portanto, n\u00e3o \u00e9 poss\u00edvel continuar insistindo nos velhos modelos de educa\u00e7\u00e3o. Consequentemente, n\u00e3o \u00e9 mais poss\u00edvel conceber o ambiente da escola sobre as mesmas perspectivas com as quais est\u00e1vamos acostumados.<\/p>\n\n\n\n<p>Assim, no post de hoje, veremos quais tend\u00eancias despontam com rela\u00e7\u00e3o \u00e0 <strong><a rel=\"noreferrer noopener\" aria-label=\" (abre numa nova aba)\" href=\"https:\/\/www.dabus.com.br\/site\/arquitetura-escolas\" target=\"_blank\">Arquitetura Escolar<\/a><\/strong>.\u00a0<\/p>\n\n\n\n<h2 class=\"wp-block-heading\"><strong>Espa\u00e7o de aprendizagem para al\u00e9m da sala de aula<\/strong><\/h2>\n\n\n\n<p>Muitos professores e institui\u00e7\u00f5es ainda est\u00e3o apegados ao conceito das salas de aula tradicionais, de 60 metros quadrados, com capacidade para 30 alunos. Essa configura\u00e7\u00e3o \u00e9 origin\u00e1ria do s\u00e9culo XVIII e baseia-se na comunica\u00e7\u00e3o unidirecional. Mas, conforme j\u00e1 foi observado, essa n\u00e3o \u00e9 mais a regra.\u00a0<\/p>\n\n\n\n<p>Al\u00e9m de desenvolver um novo olhar sobre a sala de aula, \u00e9 hora de expandir o espa\u00e7o de aprendizagem para outras \u00e1reas, criando um <strong>processo educacional mais din\u00e2mico<\/strong>, envolvente e plural.<\/p>\n\n\n\n<p>As tend\u00eancias a seguir apontam para a explora\u00e7\u00e3o de ambientes variados, o que conduz a uma ressignifica\u00e7\u00e3o sobre eles no contexto do aprendizado. Voc\u00ea e sua institui\u00e7\u00e3o est\u00e3o dispostos? Confira!\u00a0<\/p>\n\n\n\n<h3 class=\"wp-block-heading\"><strong>1. Integra\u00e7\u00e3o<\/strong><\/h3>\n\n\n\n<p>A variedade de m\u00e9todos de ensino, voltados a explorar as m\u00faltiplas potencialidades das novas gera\u00e7\u00f5es, exigir\u00e1 espa\u00e7os mais diversificados. Para tanto, a integra\u00e7\u00e3o entre \u00e1reas distintas pode ser uma boa solu\u00e7\u00e3o. Por exemplo, salas de aula abertas a \u00e1reas verdes, onde os alunos ter\u00e3o a oportunidade de estabelecer um contato mais intenso e pr\u00f3ximo com a natureza.\u00a0<\/p>\n\n\n\n<h3 class=\"wp-block-heading\"><strong>2. Espa\u00e7o de aprendizagem colaborativo<\/strong><\/h3>\n\n\n\n<p>O professor j\u00e1 n\u00e3o \u00e9 mais o \u00fanico quem ensina. Os colegas de classe tamb\u00e9m ter\u00e3o muito a compartilhar a partir do momento em que os professores souberem como explorar cada talento. A troca de experi\u00eancias e a constru\u00e7\u00e3o de projetos elaborados a partir das diferentes aptid\u00f5es fomentar\u00e3o o aprendizado colaborativo, que necessitar\u00e1 de ambientes preparados para essa experi\u00eancia. Mesas e assentos coletivos, layouts abertos e design multifacetado ser\u00e3o itens importantes \u00e0 composi\u00e7\u00e3o.<\/p>\n\n\n\n<h3 class=\"wp-block-heading\"><strong>3. Flexibilidade<\/strong><\/h3>\n\n\n\n<p>A flexibilidade ser\u00e1 outra caracter\u00edstica de suma import\u00e2ncia para atender \u00e0s <strong>diferentes necessidades de aprendizagem<\/strong>. Assim, os ambientes dever\u00e3o contar com mecanismos que facilitem a sua adequa\u00e7\u00e3o ao longo do dia. Seja para permitir a movimenta\u00e7\u00e3o e os agrupamentos, seja para proporcionar maior concentra\u00e7\u00e3o.<\/p>\n\n\n\n<p>No caso das crian\u00e7as, as adapta\u00e7\u00f5es s\u00e3o ainda mais interessantes. Isso porque as maneiras como elas acabam usando os espa\u00e7os s\u00e3o, frequentemente, bem diferentes da forma como eles foram planejados. Os ajustes \u00e0 <strong>experi\u00eancia do usu\u00e1rio<\/strong> n\u00e3o dever\u00e3o mais ser negligenciados.<\/p>\n\n\n\n<h3 class=\"wp-block-heading\"><strong>4. Solu\u00e7\u00f5es criativas<\/strong><\/h3>\n\n\n\n<p>Ao integrar ambientes e torn\u00e1-los flex\u00edveis, novas equa\u00e7\u00f5es surgir\u00e3o para serem resolvidas. Por isso, a criatividade da Arquitetura Escolar ser\u00e1 crucial. Revestimentos capazes de absorver ru\u00eddos, materiais degrad\u00e1veis, mobili\u00e1rio modular e superf\u00edcies autolimpantes s\u00e3o alguns dos elementos essenciais a serem inclu\u00eddos no projeto.<\/p>\n\n\n\n<h3 class=\"wp-block-heading\"><strong>5. Ambientes informais<\/strong><\/h3>\n\n\n\n<p>As salas de aula tradicionais n\u00e3o dever\u00e3o desaparecer completamente. Contudo, explorar novas formata\u00e7\u00f5es e outros cen\u00e1rios se tornar\u00e1 parte do \u201ccurr\u00edculo\u201d. A Arquitetura Escolar precisar\u00e1 entrar em total sinergia com a institui\u00e7\u00e3o para ampliar o espa\u00e7o de aprendizagem aos mais diversos \u201ccantos\u201d, a fim de que todos eles se tornem pedag\u00f3gicos, mesmo de modo informal. O p\u00e1tio, por exemplo, resguarda muitas potencialidades nesse sentido.<\/p>\n\n\n\n<p>N\u00f3s da <strong>DABUS<\/strong> <strong>ARQUITETURA<\/strong> contamos com um time de especialistas para encontrar as melhores solu\u00e7\u00f5es para institui\u00e7\u00f5es de ensino.\u00a0<\/p>\n\n\n\n<p class=\"has-background has-very-light-gray-background-color\"><a href=\"https:\/\/www.dabus.com.br\/site\/contato\"><strong>Entre em contato<\/strong><\/a> conosco e saiba como podemos te ajudar. Juntos a gente faz a educa\u00e7\u00e3o chegar mais longe!<\/p>\n\n\n\n<p style=\"text-align:center\">Refer\u00eancias: <a href=\"https:\/\/www.ecophon.com\/en\/knowledge\/unlocking-the-potential-of-learning-spaces\/\">Ecophon<\/a>, <a href=\"https:\/\/www.nuiteq.com\/company\/blog\/characteristics-of-innovative-learning-spaces-that-you-should-know\">Nuitec<\/a>. <\/p>\n","protected":false},"excerpt":{"rendered":"<p>A escola \u00e9 o espa\u00e7o de aprendizagem por excel\u00eancia. Por\u00e9m, n\u00e3o significa que seja o \u00fanico. Nem o mais eficiente. Com as novas gera\u00e7\u00f5es superconectadas [&hellip;]<\/p>\n","protected":false},"author":3,"featured_media":0,"comment_status":"open","ping_status":"open","sticky":false,"template":"","format":"standard","meta":[],"categories":[268],"tags":[],"yoast_head":"<!-- This site is optimized with the Yoast SEO plugin v20.8 - https:\/\/yoast.com\/wordpress\/plugins\/seo\/ -->\n<title>5 tend\u00eancias para o espa\u00e7o de aprendizagem escolar<\/title>\n<meta name=\"description\" content=\"O espa\u00e7o de aprendizagem vem mudando com as novas gera\u00e7\u00f5es e os novos conceitos de ensino. Descubra como adequar a escola!\" \/>\n<meta name=\"robots\" content=\"index, follow, max-snippet:-1, max-image-preview:large, max-video-preview:-1\" \/>\n<link rel=\"canonical\" href=\"https:\/\/www.dabusarquitetura.com.br\/blog\/tendencias-espaco-de-aprendizagem\/\" \/>\n<meta property=\"og:locale\" content=\"pt_BR\" \/>\n<meta property=\"og:type\" content=\"article\" \/>\n<meta property=\"og:title\" content=\"5 tend\u00eancias para o espa\u00e7o de aprendizagem escolar\" \/>\n<meta property=\"og:description\" content=\"O espa\u00e7o de aprendizagem vem mudando com as novas gera\u00e7\u00f5es e os novos conceitos de ensino. Descubra como adequar a escola!\" \/>\n<meta property=\"og:url\" content=\"https:\/\/www.dabusarquitetura.com.br\/blog\/tendencias-espaco-de-aprendizagem\/\" \/>\n<meta property=\"og:site_name\" content=\"DABUS ARQUITETURA\" \/>\n<meta property=\"article:published_time\" content=\"2020-03-03T22:38:36+00:00\" \/>\n<meta property=\"article:modified_time\" content=\"2020-03-03T22:38:38+00:00\" \/>\n<meta property=\"og:image\" content=\"http:\/\/www.dabus.com.br\/blog\/wp-content\/uploads\/2020\/03\/espaco-aprendizagem-escola.png\" \/>\n<meta name=\"author\" content=\"heloisa.dabus\" \/>\n<meta name=\"twitter:card\" content=\"summary_large_image\" \/>\n<meta name=\"twitter:label1\" content=\"Escrito por\" \/>\n\t<meta name=\"twitter:data1\" content=\"heloisa.dabus\" \/>\n\t<meta name=\"twitter:label2\" content=\"Est. tempo de leitura\" \/>\n\t<meta name=\"twitter:data2\" content=\"4 minutos\" \/>\n<script type=\"application\/ld+json\" class=\"yoast-schema-graph\">{\"@context\":\"https:\/\/schema.org\",\"@graph\":[{\"@type\":\"WebPage\",\"@id\":\"https:\/\/www.dabusarquitetura.com.br\/blog\/tendencias-espaco-de-aprendizagem\/\",\"url\":\"https:\/\/www.dabusarquitetura.com.br\/blog\/tendencias-espaco-de-aprendizagem\/\",\"name\":\"5 tend\u00eancias para o espa\u00e7o de aprendizagem escolar\",\"isPartOf\":{\"@id\":\"https:\/\/www.dabusarquitetura.com.br\/blog\/#website\"},\"datePublished\":\"2020-03-03T22:38:36+00:00\",\"dateModified\":\"2020-03-03T22:38:38+00:00\",\"author\":{\"@id\":\"https:\/\/www.dabusarquitetura.com.br\/blog\/#\/schema\/person\/978b78d74759412a1cd43634996237c4\"},\"description\":\"O espa\u00e7o de aprendizagem vem mudando com as novas gera\u00e7\u00f5es e os novos conceitos de ensino. Descubra como adequar a escola!\",\"breadcrumb\":{\"@id\":\"https:\/\/www.dabusarquitetura.com.br\/blog\/tendencias-espaco-de-aprendizagem\/#breadcrumb\"},\"inLanguage\":\"pt-BR\",\"potentialAction\":[{\"@type\":\"ReadAction\",\"target\":[\"https:\/\/www.dabusarquitetura.com.br\/blog\/tendencias-espaco-de-aprendizagem\/\"]}]},{\"@type\":\"BreadcrumbList\",\"@id\":\"https:\/\/www.dabusarquitetura.com.br\/blog\/tendencias-espaco-de-aprendizagem\/#breadcrumb\",\"itemListElement\":[{\"@type\":\"ListItem\",\"position\":1,\"name\":\"In\u00edcio\",\"item\":\"https:\/\/www.dabusarquitetura.com.br\/blog\/\"},{\"@type\":\"ListItem\",\"position\":2,\"name\":\"5 tend\u00eancias para o espa\u00e7o de aprendizagem escolar\"}]},{\"@type\":\"WebSite\",\"@id\":\"https:\/\/www.dabusarquitetura.com.br\/blog\/#website\",\"url\":\"https:\/\/www.dabusarquitetura.com.br\/blog\/\",\"name\":\"DABUS ARQUITETURA\",\"description\":\"Arquitetura Corporativa\",\"potentialAction\":[{\"@type\":\"SearchAction\",\"target\":{\"@type\":\"EntryPoint\",\"urlTemplate\":\"https:\/\/www.dabusarquitetura.com.br\/blog\/?s={search_term_string}\"},\"query-input\":\"required name=search_term_string\"}],\"inLanguage\":\"pt-BR\"},{\"@type\":\"Person\",\"@id\":\"https:\/\/www.dabusarquitetura.com.br\/blog\/#\/schema\/person\/978b78d74759412a1cd43634996237c4\",\"name\":\"heloisa.dabus\",\"image\":{\"@type\":\"ImageObject\",\"inLanguage\":\"pt-BR\",\"@id\":\"https:\/\/www.dabusarquitetura.com.br\/blog\/#\/schema\/person\/image\/\",\"url\":\"https:\/\/secure.gravatar.com\/avatar\/4078f4f8e54fb70a99a5e9edc642ecb1?s=96&d=mm&r=g\",\"contentUrl\":\"https:\/\/secure.gravatar.com\/avatar\/4078f4f8e54fb70a99a5e9edc642ecb1?s=96&d=mm&r=g\",\"caption\":\"heloisa.dabus\"},\"url\":\"https:\/\/www.dabusarquitetura.com.br\/blog\/author\/heloisa-dabus\/\"}]}<\/script>\n<!-- \/ Yoast SEO plugin. -->","yoast_head_json":{"title":"5 tend\u00eancias para o espa\u00e7o de aprendizagem escolar","description":"O espa\u00e7o de aprendizagem vem mudando com as novas gera\u00e7\u00f5es e os novos conceitos de ensino. Descubra como adequar a escola!","robots":{"index":"index","follow":"follow","max-snippet":"max-snippet:-1","max-image-preview":"max-image-preview:large","max-video-preview":"max-video-preview:-1"},"canonical":"https:\/\/www.dabusarquitetura.com.br\/blog\/tendencias-espaco-de-aprendizagem\/","og_locale":"pt_BR","og_type":"article","og_title":"5 tend\u00eancias para o espa\u00e7o de aprendizagem escolar","og_description":"O espa\u00e7o de aprendizagem vem mudando com as novas gera\u00e7\u00f5es e os novos conceitos de ensino. Descubra como adequar a escola!","og_url":"https:\/\/www.dabusarquitetura.com.br\/blog\/tendencias-espaco-de-aprendizagem\/","og_site_name":"DABUS ARQUITETURA","article_published_time":"2020-03-03T22:38:36+00:00","article_modified_time":"2020-03-03T22:38:38+00:00","og_image":[{"url":"http:\/\/www.dabus.com.br\/blog\/wp-content\/uploads\/2020\/03\/espaco-aprendizagem-escola.png"}],"author":"heloisa.dabus","twitter_card":"summary_large_image","twitter_misc":{"Escrito por":"heloisa.dabus","Est. tempo de leitura":"4 minutos"},"schema":{"@context":"https:\/\/schema.org","@graph":[{"@type":"WebPage","@id":"https:\/\/www.dabusarquitetura.com.br\/blog\/tendencias-espaco-de-aprendizagem\/","url":"https:\/\/www.dabusarquitetura.com.br\/blog\/tendencias-espaco-de-aprendizagem\/","name":"5 tend\u00eancias para o espa\u00e7o de aprendizagem escolar","isPartOf":{"@id":"https:\/\/www.dabusarquitetura.com.br\/blog\/#website"},"datePublished":"2020-03-03T22:38:36+00:00","dateModified":"2020-03-03T22:38:38+00:00","author":{"@id":"https:\/\/www.dabusarquitetura.com.br\/blog\/#\/schema\/person\/978b78d74759412a1cd43634996237c4"},"description":"O espa\u00e7o de aprendizagem vem mudando com as novas gera\u00e7\u00f5es e os novos conceitos de ensino. Descubra como adequar a escola!","breadcrumb":{"@id":"https:\/\/www.dabusarquitetura.com.br\/blog\/tendencias-espaco-de-aprendizagem\/#breadcrumb"},"inLanguage":"pt-BR","potentialAction":[{"@type":"ReadAction","target":["https:\/\/www.dabusarquitetura.com.br\/blog\/tendencias-espaco-de-aprendizagem\/"]}]},{"@type":"BreadcrumbList","@id":"https:\/\/www.dabusarquitetura.com.br\/blog\/tendencias-espaco-de-aprendizagem\/#breadcrumb","itemListElement":[{"@type":"ListItem","position":1,"name":"In\u00edcio","item":"https:\/\/www.dabusarquitetura.com.br\/blog\/"},{"@type":"ListItem","position":2,"name":"5 tend\u00eancias para o espa\u00e7o de aprendizagem escolar"}]},{"@type":"WebSite","@id":"https:\/\/www.dabusarquitetura.com.br\/blog\/#website","url":"https:\/\/www.dabusarquitetura.com.br\/blog\/","name":"DABUS ARQUITETURA","description":"Arquitetura Corporativa","potentialAction":[{"@type":"SearchAction","target":{"@type":"EntryPoint","urlTemplate":"https:\/\/www.dabusarquitetura.com.br\/blog\/?s={search_term_string}"},"query-input":"required name=search_term_string"}],"inLanguage":"pt-BR"},{"@type":"Person","@id":"https:\/\/www.dabusarquitetura.com.br\/blog\/#\/schema\/person\/978b78d74759412a1cd43634996237c4","name":"heloisa.dabus","image":{"@type":"ImageObject","inLanguage":"pt-BR","@id":"https:\/\/www.dabusarquitetura.com.br\/blog\/#\/schema\/person\/image\/","url":"https:\/\/secure.gravatar.com\/avatar\/4078f4f8e54fb70a99a5e9edc642ecb1?s=96&d=mm&r=g","contentUrl":"https:\/\/secure.gravatar.com\/avatar\/4078f4f8e54fb70a99a5e9edc642ecb1?s=96&d=mm&r=g","caption":"heloisa.dabus"},"url":"https:\/\/www.dabusarquitetura.com.br\/blog\/author\/heloisa-dabus\/"}]}},"_links":{"self":[{"href":"https:\/\/www.dabusarquitetura.com.br\/blog\/wp-json\/wp\/v2\/posts\/15145"}],"collection":[{"href":"https:\/\/www.dabusarquitetura.com.br\/blog\/wp-json\/wp\/v2\/posts"}],"about":[{"href":"https:\/\/www.dabusarquitetura.com.br\/blog\/wp-json\/wp\/v2\/types\/post"}],"author":[{"embeddable":true,"href":"https:\/\/www.dabusarquitetura.com.br\/blog\/wp-json\/wp\/v2\/users\/3"}],"replies":[{"embeddable":true,"href":"https:\/\/www.dabusarquitetura.com.br\/blog\/wp-json\/wp\/v2\/comments?post=15145"}],"version-history":[{"count":4,"href":"https:\/\/www.dabusarquitetura.com.br\/blog\/wp-json\/wp\/v2\/posts\/15145\/revisions"}],"predecessor-version":[{"id":15151,"href":"https:\/\/www.dabusarquitetura.com.br\/blog\/wp-json\/wp\/v2\/posts\/15145\/revisions\/15151"}],"wp:attachment":[{"href":"https:\/\/www.dabusarquitetura.com.br\/blog\/wp-json\/wp\/v2\/media?parent=15145"}],"wp:term":[{"taxonomy":"category","embeddable":true,"href":"https:\/\/www.dabusarquitetura.com.br\/blog\/wp-json\/wp\/v2\/categories?post=15145"},{"taxonomy":"post_tag","embeddable":true,"href":"https:\/\/www.dabusarquitetura.com.br\/blog\/wp-json\/wp\/v2\/tags?post=15145"}],"curies":[{"name":"wp","href":"https:\/\/api.w.org\/{rel}","templated":true}]}}