{"id":14924,"date":"2019-06-19T18:45:22","date_gmt":"2019-06-19T18:45:22","guid":{"rendered":"http:\/\/www.dabus.com.br\/blog\/?p=14924"},"modified":"2022-07-26T19:38:06","modified_gmt":"2022-07-26T16:38:06","slug":"branding-em-arquitetura-como-criar","status":"publish","type":"post","link":"https:\/\/www.dabusarquitetura.com.br\/blog\/branding-em-arquitetura-como-criar\/","title":{"rendered":"Branding em Arquitetura: Por que e como criar?"},"content":{"rendered":"\n<div class=\"wp-block-image\"><figure class=\"aligncenter\"><img decoding=\"async\" loading=\"lazy\" width=\"837\" height=\"317\" src=\"http:\/\/www.dabus.com.br\/blog\/wp-content\/uploads\/2019\/06\/bradnding-em-arquitetura.png\" alt=\"Branding em Arquitetura\" class=\"wp-image-14926\" srcset=\"https:\/\/www.dabusarquitetura.com.br\/blog\/wp-content\/uploads\/2019\/06\/bradnding-em-arquitetura.png 837w, https:\/\/www.dabusarquitetura.com.br\/blog\/wp-content\/uploads\/2019\/06\/bradnding-em-arquitetura-300x114.png 300w, https:\/\/www.dabusarquitetura.com.br\/blog\/wp-content\/uploads\/2019\/06\/bradnding-em-arquitetura-768x291.png 768w\" sizes=\"(max-width: 837px) 100vw, 837px\" \/><figcaption><a href=\"http:\/\/www.dabus.com.br\/site\/arquitetura-corporativa\/hansgrohe-120417170457.html\" target=\"_blank\" rel=\"noreferrer noopener\" aria-label=\" (abre numa nova aba)\">Projeto da DABUS ARQUITETURA para a Hansgrohe Brasil<\/a>.<\/figcaption><\/figure><\/div>\n\n\n\n<p>O que torna um edif\u00edcio \u00fanico? A busca por um projeto diferenciado, com uma assinatura exclusiva e tra\u00e7os inovadores permeia, sobretudo, clientes dos setores corporativo e comercial. N\u00e3o \u00e9 para menos. Esses neg\u00f3cios dependem de uma constru\u00e7\u00e3o consistente de sua marca. Assim, o <strong><em>branding<\/em> em Arquitetura<\/strong> se torna um requisito fundamental.<\/p>\n\n\n\n<p>O ambiente f\u00edsico de uma empresa deve expressar claramente as <strong>caracter\u00edsticas e valores dessa marca<\/strong>. Dessa maneira, ela precisa estar muito bem estruturada, contemplando n\u00e3o somente aplica\u00e7\u00f5es objetivas, como tamb\u00e9m aspectos intang\u00edveis.<\/p>\n\n\n\n<p>\u00c9 somente a partir de uma marca devidamente formatada que se torna poss\u00edvel <strong>criar conex\u00f5es fortes<\/strong> com o p\u00fablico. Assim como planejar solu\u00e7\u00f5es arquitet\u00f4nicas capazes de fortalecer sua identidade.<\/p>\n\n\n\n<p>No post de hoje, veremos como trabalhar melhor essa quest\u00e3o. Ent\u00e3o, vem com a gente!<\/p>\n\n\n\n<h2 class=\"wp-block-heading\"><strong>Qual \u00e9 o objetivo do branding?<\/strong><\/h2>\n\n\n\n<p><strong><a href=\"https:\/\/resultadosdigitais.com.br\/blog\/o-que-branding\/\" target=\"_blank\" rel=\"noreferrer noopener\" aria-label=\"Branding (abre numa nova aba)\">Branding<\/a><\/strong> \u00e9 o processo pelo qual busca-se desenvolver uma marca a fim de que ela seja capaz de:<\/p>\n\n\n\n<ul><li>&#8211; <strong>Se destacar entre a concorr\u00eancia;<\/strong><\/li><li>&#8211; <strong>Ser memor\u00e1vel;<\/strong><\/li><li>&#8211; <strong>Gerar identifica\u00e7\u00e3o com o p\u00fablico-alvo;<\/strong><\/li><li>&#8211; <strong>Expressar a personalidade do neg\u00f3cio;<\/strong><\/li><li>&#8211; <strong>Se adaptar ao longo do tempo;<\/strong><\/li><li>&#8211; <strong>Despertar emo\u00e7\u00f5es;<\/strong><\/li><li>&#8211; <strong>Fortalecer conex\u00f5es;<\/strong><\/li><li>&#8211; <strong>Assegurar uma boa impress\u00e3o;<\/strong><\/li><li><strong>&#8211; Influenciar a compra.<\/strong><\/li><\/ul>\n\n\n\n<p>As a\u00e7\u00f5es de branding englobam cuidados com o logotipo; o manual de identidade visual; o tom de voz; os meios de comunica\u00e7\u00e3o adotados; os garotos-propaganda escolhidos; a evolu\u00e7\u00e3o do mercado; entre muitos fatores que influenciam a constru\u00e7\u00e3o de uma marca.<\/p>\n\n\n\n<p>Os esfor\u00e7os realizados nesse sentido devem ser <strong>constantes<\/strong>. Entretanto, \u00e9 bom observar que seus efeitos tendem a aparecer em m\u00e9dio ou longo prazo. <\/p>\n\n\n\n<h3 class=\"wp-block-heading\"><strong>Vantagens do branding em Arquitetura<\/strong><\/h3>\n\n\n\n<p>A Arquitetura \u00e9 um poderoso componente do branding. Claro que \u00e9 preciso contar com profissionais experientes no assunto. De outro modo, essa liga\u00e7\u00e3o pode ser ineficaz.<\/p>\n\n\n\n<p>O ambiente f\u00edsico proporciona uma verdadeira imers\u00e3o no universo do neg\u00f3cio. Portanto, tem de ser cuidadosamente articulado. As sensa\u00e7\u00f5es geradas devem condizer com o que foi idealizado. Se tudo sair como o esperado, ser\u00e1 poss\u00edvel desfrutar de benef\u00edcios como:<\/p>\n\n\n\n<ul><li>&#8211; <strong>Engajamento:<\/strong> funcion\u00e1rios mais conectados e comprometidos com o seu local de trabalho;<\/li><\/ul>\n\n\n\n<ul><li>&#8211; <strong>Posicionamento:<\/strong> fortalecimento da imagem corporativa;<\/li><\/ul>\n\n\n\n<ul><li>&#8211; <strong>Percep\u00e7\u00e3o de valor:<\/strong> com um posicionamento claro, todos (aqueles que interessam) poder\u00e3o se identificar com o neg\u00f3cio, compreendendo quais os diferenciais que ele tem a oferecer.<\/li><\/ul>\n\n\n\n<h3 class=\"wp-block-heading\"><strong>Dicas para trabalhar o branding em Arquitetura<\/strong><\/h3>\n\n\n\n<p>Abaixo relacionamos algumas das provid\u00eancias mais importantes para que a Arquitetura incorpore adequadamente o branding:<\/p>\n\n\n\n<ul><li>&#8211; <strong>Identidade visual: <\/strong>cores, formas, fontes, design e todos os outros <strong><a href=\"http:\/\/www.dabus.com.br\/blog\/2019\/05\/beneficios-comunicacao-visual-arquitetura\/\">elementos visuais<\/a><\/strong> devem ser explorados nos espa\u00e7os de maneira inteligente. Isso significa que n\u00e3o \u00e9 preciso pintar todas as paredes com as cores do logo. H\u00e1 outras sa\u00eddas mais interessantes para criar a conex\u00e3o necess\u00e1ria.<\/li><\/ul>\n\n\n\n<ul><li>&#8211; <strong>Mensagem clara:<\/strong> como j\u00e1 foi mencionado, \u00e9 essencial que a mensagem principal da marca esteja presente na Arquitetura. Quais valores e causas s\u00e3o defendidos? O neg\u00f3cio \u00e9 mais jovem ou tradicional? Quais objetivos s\u00e3o buscados? Como a empresa se projeta no futuro? Perguntas como essas ajudar\u00e3o a definir as aplica\u00e7\u00f5es.<\/li><\/ul>\n\n\n\n<ul><li>&#8211; <strong>Evolu\u00e7\u00e3o do p\u00fablico: <\/strong>tudo o que \u00e9 desenvolvido tem como base as caracter\u00edsticas do p\u00fablico-alvo. No entanto, \u00e9 importante lembrar que ele pode <strong>mudar ao longo dos anos<\/strong>. Por conseguinte, \u00e9 imprescind\u00edvel acompanhar a evolu\u00e7\u00e3o de seu comportamento e, a partir da\u00ed, ajustar a comunica\u00e7\u00e3o e a Arquitetura para uma linguagem mais condizente.<\/li><\/ul>\n\n\n\n<ul><li><strong>&#8211; Ousadia:<\/strong> a constru\u00e7\u00e3o do branding pede um passo adiante. Quer dizer, sem afirmar alguns diferenciais, n\u00e3o ser\u00e1 poss\u00edvel ter um neg\u00f3cio \u00fanico, capaz de se destacar. Tal &#8220;ousadia&#8221; deve estar presente tamb\u00e9m nos ambientes. Cores impactantes, mobili\u00e1rio incomum e design inusitado podem se somar \u00e0 composi\u00e7\u00e3o.<\/li><\/ul>\n\n\n\n<ul><li>&#8211; <strong>Divulga\u00e7\u00e3o:<\/strong> mostrar o ambiente de trabalho \u00e9 uma forma muito bem-vinda de fazer todos perceberem como ele expressa os valores apropriados. Por isso, poste fotos em locais interessantes e gere engajamento com o neg\u00f3cio. Logo, crie <strong>cantinhos \u201cinstagram\u00e1veis\u201d<\/strong>. Ou seja, que despertam a vontade de fotografar.<\/li><\/ul>\n\n\n\n<p>Quer saber mais?<br><br>Ent\u00e3o, <strong><a rel=\"noreferrer noopener\" href=\"http:\/\/www.dabus.com.br\/site\/contato\" target=\"_blank\">entre em contato<\/a><\/strong> com a <strong>DABUS ARQUITETURA<\/strong> e entenda como podemos desenvolver o seu projeto!<\/p>\n","protected":false},"excerpt":{"rendered":"<p>O que torna um edif\u00edcio \u00fanico? A busca por um projeto diferenciado, com uma assinatura exclusiva e tra\u00e7os inovadores permeia, sobretudo, clientes dos setores corporativo [&hellip;]<\/p>\n","protected":false},"author":3,"featured_media":16276,"comment_status":"open","ping_status":"open","sticky":false,"template":"","format":"standard","meta":[],"categories":[7],"tags":[],"yoast_head":"<!-- This site is optimized with the Yoast SEO plugin v20.8 - https:\/\/yoast.com\/wordpress\/plugins\/seo\/ -->\n<title>Branding em Arquitetura: Por que e como criar? Fique por dentro!<\/title>\n<meta name=\"description\" content=\"O branding em Arquitetura \u00e9 uma importante estrat\u00e9gia de posicionamento da marca. Mas como ele pode ser constru\u00eddo? Que tipos de aplica\u00e7\u00f5es trabalhar?\" \/>\n<meta name=\"robots\" content=\"index, follow, max-snippet:-1, max-image-preview:large, max-video-preview:-1\" \/>\n<link rel=\"canonical\" href=\"https:\/\/www.dabusarquitetura.com.br\/blog\/branding-em-arquitetura-como-criar\/\" \/>\n<meta property=\"og:locale\" content=\"pt_BR\" \/>\n<meta property=\"og:type\" content=\"article\" \/>\n<meta property=\"og:title\" content=\"Branding em Arquitetura: Por que e como criar? Fique por dentro!\" \/>\n<meta property=\"og:description\" content=\"O branding em Arquitetura \u00e9 uma importante estrat\u00e9gia de posicionamento da marca. Mas como ele pode ser constru\u00eddo? Que tipos de aplica\u00e7\u00f5es trabalhar?\" \/>\n<meta property=\"og:url\" content=\"https:\/\/www.dabusarquitetura.com.br\/blog\/branding-em-arquitetura-como-criar\/\" \/>\n<meta property=\"og:site_name\" content=\"DABUS ARQUITETURA\" \/>\n<meta property=\"article:published_time\" content=\"2019-06-19T18:45:22+00:00\" \/>\n<meta property=\"article:modified_time\" content=\"2022-07-26T16:38:06+00:00\" \/>\n<meta property=\"og:image\" content=\"https:\/\/www.dabusarquitetura.com.br\/blog\/wp-content\/uploads\/2019\/06\/bradnding-em-arquitetura-1.png\" \/>\n\t<meta property=\"og:image:width\" content=\"837\" \/>\n\t<meta property=\"og:image:height\" content=\"317\" \/>\n\t<meta property=\"og:image:type\" content=\"image\/png\" \/>\n<meta name=\"author\" content=\"heloisa.dabus\" \/>\n<meta name=\"twitter:card\" content=\"summary_large_image\" \/>\n<meta name=\"twitter:label1\" content=\"Escrito por\" \/>\n\t<meta name=\"twitter:data1\" content=\"heloisa.dabus\" \/>\n\t<meta name=\"twitter:label2\" content=\"Est. tempo de leitura\" \/>\n\t<meta name=\"twitter:data2\" content=\"4 minutos\" \/>\n<script type=\"application\/ld+json\" class=\"yoast-schema-graph\">{\"@context\":\"https:\/\/schema.org\",\"@graph\":[{\"@type\":\"WebPage\",\"@id\":\"https:\/\/www.dabusarquitetura.com.br\/blog\/branding-em-arquitetura-como-criar\/\",\"url\":\"https:\/\/www.dabusarquitetura.com.br\/blog\/branding-em-arquitetura-como-criar\/\",\"name\":\"Branding em Arquitetura: Por que e como criar? Fique por dentro!\",\"isPartOf\":{\"@id\":\"https:\/\/www.dabusarquitetura.com.br\/blog\/#website\"},\"datePublished\":\"2019-06-19T18:45:22+00:00\",\"dateModified\":\"2022-07-26T16:38:06+00:00\",\"author\":{\"@id\":\"https:\/\/www.dabusarquitetura.com.br\/blog\/#\/schema\/person\/978b78d74759412a1cd43634996237c4\"},\"description\":\"O branding em Arquitetura \u00e9 uma importante estrat\u00e9gia de posicionamento da marca. Mas como ele pode ser constru\u00eddo? Que tipos de aplica\u00e7\u00f5es trabalhar?\",\"breadcrumb\":{\"@id\":\"https:\/\/www.dabusarquitetura.com.br\/blog\/branding-em-arquitetura-como-criar\/#breadcrumb\"},\"inLanguage\":\"pt-BR\",\"potentialAction\":[{\"@type\":\"ReadAction\",\"target\":[\"https:\/\/www.dabusarquitetura.com.br\/blog\/branding-em-arquitetura-como-criar\/\"]}]},{\"@type\":\"BreadcrumbList\",\"@id\":\"https:\/\/www.dabusarquitetura.com.br\/blog\/branding-em-arquitetura-como-criar\/#breadcrumb\",\"itemListElement\":[{\"@type\":\"ListItem\",\"position\":1,\"name\":\"In\u00edcio\",\"item\":\"https:\/\/www.dabusarquitetura.com.br\/blog\/\"},{\"@type\":\"ListItem\",\"position\":2,\"name\":\"Branding em Arquitetura: Por que e como criar?\"}]},{\"@type\":\"WebSite\",\"@id\":\"https:\/\/www.dabusarquitetura.com.br\/blog\/#website\",\"url\":\"https:\/\/www.dabusarquitetura.com.br\/blog\/\",\"name\":\"DABUS ARQUITETURA\",\"description\":\"Arquitetura Corporativa\",\"potentialAction\":[{\"@type\":\"SearchAction\",\"target\":{\"@type\":\"EntryPoint\",\"urlTemplate\":\"https:\/\/www.dabusarquitetura.com.br\/blog\/?s={search_term_string}\"},\"query-input\":\"required name=search_term_string\"}],\"inLanguage\":\"pt-BR\"},{\"@type\":\"Person\",\"@id\":\"https:\/\/www.dabusarquitetura.com.br\/blog\/#\/schema\/person\/978b78d74759412a1cd43634996237c4\",\"name\":\"heloisa.dabus\",\"image\":{\"@type\":\"ImageObject\",\"inLanguage\":\"pt-BR\",\"@id\":\"https:\/\/www.dabusarquitetura.com.br\/blog\/#\/schema\/person\/image\/\",\"url\":\"https:\/\/secure.gravatar.com\/avatar\/4078f4f8e54fb70a99a5e9edc642ecb1?s=96&d=mm&r=g\",\"contentUrl\":\"https:\/\/secure.gravatar.com\/avatar\/4078f4f8e54fb70a99a5e9edc642ecb1?s=96&d=mm&r=g\",\"caption\":\"heloisa.dabus\"},\"url\":\"https:\/\/www.dabusarquitetura.com.br\/blog\/author\/heloisa-dabus\/\"}]}<\/script>\n<!-- \/ Yoast SEO plugin. -->","yoast_head_json":{"title":"Branding em Arquitetura: Por que e como criar? Fique por dentro!","description":"O branding em Arquitetura \u00e9 uma importante estrat\u00e9gia de posicionamento da marca. Mas como ele pode ser constru\u00eddo? Que tipos de aplica\u00e7\u00f5es trabalhar?","robots":{"index":"index","follow":"follow","max-snippet":"max-snippet:-1","max-image-preview":"max-image-preview:large","max-video-preview":"max-video-preview:-1"},"canonical":"https:\/\/www.dabusarquitetura.com.br\/blog\/branding-em-arquitetura-como-criar\/","og_locale":"pt_BR","og_type":"article","og_title":"Branding em Arquitetura: Por que e como criar? Fique por dentro!","og_description":"O branding em Arquitetura \u00e9 uma importante estrat\u00e9gia de posicionamento da marca. Mas como ele pode ser constru\u00eddo? Que tipos de aplica\u00e7\u00f5es trabalhar?","og_url":"https:\/\/www.dabusarquitetura.com.br\/blog\/branding-em-arquitetura-como-criar\/","og_site_name":"DABUS ARQUITETURA","article_published_time":"2019-06-19T18:45:22+00:00","article_modified_time":"2022-07-26T16:38:06+00:00","og_image":[{"width":837,"height":317,"url":"https:\/\/www.dabusarquitetura.com.br\/blog\/wp-content\/uploads\/2019\/06\/bradnding-em-arquitetura-1.png","type":"image\/png"}],"author":"heloisa.dabus","twitter_card":"summary_large_image","twitter_misc":{"Escrito por":"heloisa.dabus","Est. tempo de leitura":"4 minutos"},"schema":{"@context":"https:\/\/schema.org","@graph":[{"@type":"WebPage","@id":"https:\/\/www.dabusarquitetura.com.br\/blog\/branding-em-arquitetura-como-criar\/","url":"https:\/\/www.dabusarquitetura.com.br\/blog\/branding-em-arquitetura-como-criar\/","name":"Branding em Arquitetura: Por que e como criar? Fique por dentro!","isPartOf":{"@id":"https:\/\/www.dabusarquitetura.com.br\/blog\/#website"},"datePublished":"2019-06-19T18:45:22+00:00","dateModified":"2022-07-26T16:38:06+00:00","author":{"@id":"https:\/\/www.dabusarquitetura.com.br\/blog\/#\/schema\/person\/978b78d74759412a1cd43634996237c4"},"description":"O branding em Arquitetura \u00e9 uma importante estrat\u00e9gia de posicionamento da marca. Mas como ele pode ser constru\u00eddo? Que tipos de aplica\u00e7\u00f5es trabalhar?","breadcrumb":{"@id":"https:\/\/www.dabusarquitetura.com.br\/blog\/branding-em-arquitetura-como-criar\/#breadcrumb"},"inLanguage":"pt-BR","potentialAction":[{"@type":"ReadAction","target":["https:\/\/www.dabusarquitetura.com.br\/blog\/branding-em-arquitetura-como-criar\/"]}]},{"@type":"BreadcrumbList","@id":"https:\/\/www.dabusarquitetura.com.br\/blog\/branding-em-arquitetura-como-criar\/#breadcrumb","itemListElement":[{"@type":"ListItem","position":1,"name":"In\u00edcio","item":"https:\/\/www.dabusarquitetura.com.br\/blog\/"},{"@type":"ListItem","position":2,"name":"Branding em Arquitetura: Por que e como criar?"}]},{"@type":"WebSite","@id":"https:\/\/www.dabusarquitetura.com.br\/blog\/#website","url":"https:\/\/www.dabusarquitetura.com.br\/blog\/","name":"DABUS ARQUITETURA","description":"Arquitetura Corporativa","potentialAction":[{"@type":"SearchAction","target":{"@type":"EntryPoint","urlTemplate":"https:\/\/www.dabusarquitetura.com.br\/blog\/?s={search_term_string}"},"query-input":"required name=search_term_string"}],"inLanguage":"pt-BR"},{"@type":"Person","@id":"https:\/\/www.dabusarquitetura.com.br\/blog\/#\/schema\/person\/978b78d74759412a1cd43634996237c4","name":"heloisa.dabus","image":{"@type":"ImageObject","inLanguage":"pt-BR","@id":"https:\/\/www.dabusarquitetura.com.br\/blog\/#\/schema\/person\/image\/","url":"https:\/\/secure.gravatar.com\/avatar\/4078f4f8e54fb70a99a5e9edc642ecb1?s=96&d=mm&r=g","contentUrl":"https:\/\/secure.gravatar.com\/avatar\/4078f4f8e54fb70a99a5e9edc642ecb1?s=96&d=mm&r=g","caption":"heloisa.dabus"},"url":"https:\/\/www.dabusarquitetura.com.br\/blog\/author\/heloisa-dabus\/"}]}},"_links":{"self":[{"href":"https:\/\/www.dabusarquitetura.com.br\/blog\/wp-json\/wp\/v2\/posts\/14924"}],"collection":[{"href":"https:\/\/www.dabusarquitetura.com.br\/blog\/wp-json\/wp\/v2\/posts"}],"about":[{"href":"https:\/\/www.dabusarquitetura.com.br\/blog\/wp-json\/wp\/v2\/types\/post"}],"author":[{"embeddable":true,"href":"https:\/\/www.dabusarquitetura.com.br\/blog\/wp-json\/wp\/v2\/users\/3"}],"replies":[{"embeddable":true,"href":"https:\/\/www.dabusarquitetura.com.br\/blog\/wp-json\/wp\/v2\/comments?post=14924"}],"version-history":[{"count":1,"href":"https:\/\/www.dabusarquitetura.com.br\/blog\/wp-json\/wp\/v2\/posts\/14924\/revisions"}],"predecessor-version":[{"id":16277,"href":"https:\/\/www.dabusarquitetura.com.br\/blog\/wp-json\/wp\/v2\/posts\/14924\/revisions\/16277"}],"wp:featuredmedia":[{"embeddable":true,"href":"https:\/\/www.dabusarquitetura.com.br\/blog\/wp-json\/wp\/v2\/media\/16276"}],"wp:attachment":[{"href":"https:\/\/www.dabusarquitetura.com.br\/blog\/wp-json\/wp\/v2\/media?parent=14924"}],"wp:term":[{"taxonomy":"category","embeddable":true,"href":"https:\/\/www.dabusarquitetura.com.br\/blog\/wp-json\/wp\/v2\/categories?post=14924"},{"taxonomy":"post_tag","embeddable":true,"href":"https:\/\/www.dabusarquitetura.com.br\/blog\/wp-json\/wp\/v2\/tags?post=14924"}],"curies":[{"name":"wp","href":"https:\/\/api.w.org\/{rel}","templated":true}]}}