{"id":13866,"date":"2018-04-26T10:00:19","date_gmt":"2018-04-26T10:00:19","guid":{"rendered":"http:\/\/www.dabus.com.br\/blog\/?p=13866"},"modified":"2022-07-28T14:36:07","modified_gmt":"2022-07-28T11:36:07","slug":"area-de-recreacao-escola","status":"publish","type":"post","link":"https:\/\/www.dabusarquitetura.com.br\/blog\/area-de-recreacao-escola\/","title":{"rendered":"A import\u00e2ncia da \u00e1rea de recrea\u00e7\u00e3o na escola"},"content":{"rendered":"<p>A escola, al\u00e9m de ser um ambiente voltado para a aprendizagem e processos da educa\u00e7\u00e3o formal, tamb\u00e9m \u00e9 o local onde&nbsp;<strong>crian\u00e7as e jovens desenvolvem e consolidam sua percep\u00e7\u00e3o do mundo<\/strong>. A \u00e1rea de recrea\u00e7\u00e3o \u00e9 um local onde os alunos tendem a ser mais espont\u00e2neos, por n\u00e3o se sentirem observados, agindo, dessa forma, de maneira mais criativa e experimental em sua viv\u00eancia coletiva.<\/p>\n<p>Recentemente falamos por aqui sobre a necessidade de olhar para o <strong><a href=\"http:\/\/www.dabusarquitetura.com.br\/blog\/2018\/04\/aprender-fazendo-ambiente-escolar\/\">ambiente escolar por uma nova perspectiva<\/a><\/strong>, mais moderna e pr\u00e1tica. Nesse sentido, a \u00e1rea de recrea\u00e7\u00e3o pode ser uma grande aliada. Acompanhe e saiba mais!<\/p>\n<h2><strong>Cuidados especiais na \u00e1rea de recrea\u00e7\u00e3o<\/strong><\/h2>\n<p><a href=\"http:\/\/www.dabusarquitetura.com.br\/blog\/wp-content\/uploads\/2018\/04\/area-de-recreacao.png\"><img decoding=\"async\" loading=\"lazy\" class=\"aligncenter wp-image-13890 size-full\" src=\"http:\/\/www.dabusarquitetura.com.br\/blog\/wp-content\/uploads\/2018\/04\/area-de-recreacao.png\" alt=\"\u00e1rea de recrea\u00e7\u00e3o\" width=\"620\" height=\"273\" srcset=\"https:\/\/www.dabusarquitetura.com.br\/blog\/wp-content\/uploads\/2018\/04\/area-de-recreacao.png 620w, https:\/\/www.dabusarquitetura.com.br\/blog\/wp-content\/uploads\/2018\/04\/area-de-recreacao-420x185.png 420w, https:\/\/www.dabusarquitetura.com.br\/blog\/wp-content\/uploads\/2018\/04\/area-de-recreacao-300x132.png 300w\" sizes=\"(max-width: 620px) 100vw, 620px\" \/><\/a><\/p>\n<p>Ambientes recreativos devem proporcionar momentos de lazer e descontra\u00e7\u00e3o, sem deixar necessariamente o cunho educativo de lado. Para garantir ali o bom desenvolvimento das atividades, \u00e9 fundamental providenciar <strong>medidas de seguran\u00e7a<\/strong>.<\/p>\n<p>Se o espa\u00e7o for reservado para <strong>crian\u00e7as pequenas<\/strong>, de at\u00e9 5 anos, por exemplo, \u00e9 preciso lembrar que muitas ainda estar\u00e3o na fase de engatinhar ou de dar os primeiros passos. Assim, \u00e9 necess\u00e1rio providenciar pisos antiderrapantes, mas que n\u00e3o tenham texturas que possam machucar a pele, mais fr\u00e1gil, dos pequenos. Al\u00e9m disso, apoiadores e brinquedos com pontas arredondadas devem ser providenciados.<\/p>\n<p>Ilumina\u00e7\u00e3o, ac\u00fastica, conforto t\u00e9rmico e ergonomia tamb\u00e9m ser providenciados de acordo com a proposta do ambiente e da perman\u00eancia nele.<\/p>\n<h2><strong>A evolu\u00e7\u00e3o do conceito de aprendizagem<\/strong><\/h2>\n<p>Muitos estudos e pesquisas s\u00e3o constantemente realizados na \u00e1rea da educa\u00e7\u00e3o, mas s\u00f3 recentemente dire\u00e7\u00f5es e corpos docentes t\u00eam demonstrado interesse em <strong>reavaliar os projetos de Arquitetura Escolar<\/strong>&nbsp;devido \u00e0s mudan\u00e7as de comportamento, linguagem e est\u00edmulos que abrangem os estudantes.<\/p>\n<p>Em uma teoria conhecida como&nbsp;<strong>sociointeracionismo<\/strong>, por exemplo, o autor <a href=\"https:\/\/novaescola.org.br\/conteudo\/382\/lev-vygotsky-o-teorico-do-ensino-como-processo-social\" target=\"_blank\" rel=\"noopener noreferrer\"><strong>Lev Semenovich Vygotsky<\/strong><\/a> afirma que o contexto social \u00e9 essencial para a experi\u00eancia de aprendizagem. Por isso, a troca que a \u00e1rea de recrea\u00e7\u00e3o possibilita entre os estudantes deve ser considerada um fator-chave no ambiente escolar.<\/p>\n<h2><strong>Projeto arquitet\u00f4nico como extens\u00e3o do planejamento escolar<\/strong><\/h2>\n<p>A intera\u00e7\u00e3o entre os educadores, com todo seu <em>know-how<\/em>, com rela\u00e7\u00e3o \u00e0 experi\u00eancia cognitiva e de desenvolvimento dos alunos, somada \u00e0s solu\u00e7\u00f5es provenientes de um projeto arquitet\u00f4nico, pode fazer toda a diferen\u00e7a no processo de ensino-aprendizagem. Isso porque, a partir de condi\u00e7\u00f5es f\u00edsicas adequadas, torna-se poss\u00edvel realizar as atividades de modo <strong>produtivo, seguro e saud\u00e1vel<\/strong>.<\/p>\n<p>A miss\u00e3o da escola, suas ideologias pedag\u00f3gicas e caracter\u00edsticas espec\u00edficas podem ser potencializadas quando a Arquitetura estabelece um di\u00e1logo t\u00e3o profundo com o planejamento que \u00e9 capaz de se transformar em uma ferramenta educativa, apta a gerar identidade, confian\u00e7a e desenvolvimento humano.<\/p>\n<p>Por isso, \u00e9 muito importante que o projeto capte a <strong>ess\u00eancia da institui\u00e7\u00e3o<\/strong> e lhe ofere\u00e7a caminhos que viabilizem suas propostas \u00fanicas.<\/p>\n<p>A <strong>DABUS ARQUITETURA<\/strong> conta com um time especializado, com experi\u00eancia e <em>expertise<\/em> para apresentar as melhores ideias e solu\u00e7\u00f5es.&nbsp;<a href=\"http:\/\/www.dabusarquitetura.com.br\/site\/contato\" target=\"_blank\" rel=\"noopener noreferrer\"><strong>Entre em contato<\/strong><\/a>&nbsp;e entenda melhor como podemos ajudar!<\/p>\n<p style=\"text-align: center;\"><span style=\"color: #999999;\">Fonte: <a href=\"https:\/\/www.aecweb.com.br\/cont\/m\/rev\/escolas-bem-projetadas-favorecem-o-ensino_13958_10_0\">AECweb<\/a>,&nbsp;<a href=\"http:\/\/desenvolvimento-infantil.blog.br\/a-importancia-do-patio-da-escola\/\">Funda\u00e7\u00e3o Maria Cec\u00edlia Souto Vidigal<\/a>,&nbsp;<a href=\"http:\/\/au17.pini.com.br\/arquitetura-urbanismo\/236\/artigo301129-1.aspx\">aU<\/a>,&nbsp;<a href=\"https:\/\/www.portaleducacao.com.br\/conteudo\/artigos\/direito\/socio-interacionismo-de-vigotsky\/34160\">Portal Educa\u00e7\u00e3o<\/a>.<\/span><\/p>\n","protected":false},"excerpt":{"rendered":"<p>A escola, al\u00e9m de ser um ambiente voltado para a aprendizagem e processos da educa\u00e7\u00e3o formal, tamb\u00e9m \u00e9 o local onde&nbsp;crian\u00e7as e jovens desenvolvem e [&hellip;]<\/p>\n","protected":false},"author":3,"featured_media":0,"comment_status":"open","ping_status":"open","sticky":false,"template":"","format":"standard","meta":[],"categories":[268],"tags":[],"yoast_head":"<!-- This site is optimized with the Yoast SEO plugin v20.8 - https:\/\/yoast.com\/wordpress\/plugins\/seo\/ -->\n<title>A import\u00e2ncia da \u00e1rea de recrea\u00e7\u00e3o no ambiente escolar<\/title>\n<meta name=\"description\" content=\"Estudar \u00e9 muito mais que estar em uma sala de aula, a \u00e1rea de recrea\u00e7\u00e3o deve ser considerada uma \u00e1rea estrat\u00e9gica na educa\u00e7\u00e3o. Clique aqui para saber mais!\" \/>\n<meta name=\"robots\" content=\"index, follow, max-snippet:-1, max-image-preview:large, max-video-preview:-1\" \/>\n<link rel=\"canonical\" href=\"https:\/\/www.dabusarquitetura.com.br\/blog\/area-de-recreacao-escola\/\" \/>\n<meta property=\"og:locale\" content=\"pt_BR\" \/>\n<meta property=\"og:type\" content=\"article\" \/>\n<meta property=\"og:title\" content=\"A import\u00e2ncia da \u00e1rea de recrea\u00e7\u00e3o no ambiente escolar\" \/>\n<meta property=\"og:description\" content=\"Estudar \u00e9 muito mais que estar em uma sala de aula, a \u00e1rea de recrea\u00e7\u00e3o deve ser considerada uma \u00e1rea estrat\u00e9gica na educa\u00e7\u00e3o. Clique aqui para saber mais!\" \/>\n<meta property=\"og:url\" content=\"https:\/\/www.dabusarquitetura.com.br\/blog\/area-de-recreacao-escola\/\" \/>\n<meta property=\"og:site_name\" content=\"DABUS ARQUITETURA\" \/>\n<meta property=\"article:published_time\" content=\"2018-04-26T10:00:19+00:00\" \/>\n<meta property=\"article:modified_time\" content=\"2022-07-28T11:36:07+00:00\" \/>\n<meta property=\"og:image\" content=\"http:\/\/www.dabusarquitetura.com.br\/blog\/wp-content\/uploads\/2018\/04\/area-de-recreacao.png\" \/>\n<meta name=\"author\" content=\"heloisa.dabus\" \/>\n<meta name=\"twitter:card\" content=\"summary_large_image\" \/>\n<meta name=\"twitter:label1\" content=\"Escrito por\" \/>\n\t<meta name=\"twitter:data1\" content=\"heloisa.dabus\" \/>\n\t<meta name=\"twitter:label2\" content=\"Est. tempo de leitura\" \/>\n\t<meta name=\"twitter:data2\" content=\"3 minutos\" \/>\n<script type=\"application\/ld+json\" class=\"yoast-schema-graph\">{\"@context\":\"https:\/\/schema.org\",\"@graph\":[{\"@type\":\"WebPage\",\"@id\":\"https:\/\/www.dabusarquitetura.com.br\/blog\/area-de-recreacao-escola\/\",\"url\":\"https:\/\/www.dabusarquitetura.com.br\/blog\/area-de-recreacao-escola\/\",\"name\":\"A import\u00e2ncia da \u00e1rea de recrea\u00e7\u00e3o no ambiente escolar\",\"isPartOf\":{\"@id\":\"https:\/\/www.dabusarquitetura.com.br\/blog\/#website\"},\"datePublished\":\"2018-04-26T10:00:19+00:00\",\"dateModified\":\"2022-07-28T11:36:07+00:00\",\"author\":{\"@id\":\"https:\/\/www.dabusarquitetura.com.br\/blog\/#\/schema\/person\/978b78d74759412a1cd43634996237c4\"},\"description\":\"Estudar \u00e9 muito mais que estar em uma sala de aula, a \u00e1rea de recrea\u00e7\u00e3o deve ser considerada uma \u00e1rea estrat\u00e9gica na educa\u00e7\u00e3o. Clique aqui para saber mais!\",\"breadcrumb\":{\"@id\":\"https:\/\/www.dabusarquitetura.com.br\/blog\/area-de-recreacao-escola\/#breadcrumb\"},\"inLanguage\":\"pt-BR\",\"potentialAction\":[{\"@type\":\"ReadAction\",\"target\":[\"https:\/\/www.dabusarquitetura.com.br\/blog\/area-de-recreacao-escola\/\"]}]},{\"@type\":\"BreadcrumbList\",\"@id\":\"https:\/\/www.dabusarquitetura.com.br\/blog\/area-de-recreacao-escola\/#breadcrumb\",\"itemListElement\":[{\"@type\":\"ListItem\",\"position\":1,\"name\":\"In\u00edcio\",\"item\":\"https:\/\/www.dabusarquitetura.com.br\/blog\/\"},{\"@type\":\"ListItem\",\"position\":2,\"name\":\"A import\u00e2ncia da \u00e1rea de recrea\u00e7\u00e3o na escola\"}]},{\"@type\":\"WebSite\",\"@id\":\"https:\/\/www.dabusarquitetura.com.br\/blog\/#website\",\"url\":\"https:\/\/www.dabusarquitetura.com.br\/blog\/\",\"name\":\"DABUS ARQUITETURA\",\"description\":\"Arquitetura Corporativa\",\"potentialAction\":[{\"@type\":\"SearchAction\",\"target\":{\"@type\":\"EntryPoint\",\"urlTemplate\":\"https:\/\/www.dabusarquitetura.com.br\/blog\/?s={search_term_string}\"},\"query-input\":\"required name=search_term_string\"}],\"inLanguage\":\"pt-BR\"},{\"@type\":\"Person\",\"@id\":\"https:\/\/www.dabusarquitetura.com.br\/blog\/#\/schema\/person\/978b78d74759412a1cd43634996237c4\",\"name\":\"heloisa.dabus\",\"image\":{\"@type\":\"ImageObject\",\"inLanguage\":\"pt-BR\",\"@id\":\"https:\/\/www.dabusarquitetura.com.br\/blog\/#\/schema\/person\/image\/\",\"url\":\"https:\/\/secure.gravatar.com\/avatar\/4078f4f8e54fb70a99a5e9edc642ecb1?s=96&d=mm&r=g\",\"contentUrl\":\"https:\/\/secure.gravatar.com\/avatar\/4078f4f8e54fb70a99a5e9edc642ecb1?s=96&d=mm&r=g\",\"caption\":\"heloisa.dabus\"},\"url\":\"https:\/\/www.dabusarquitetura.com.br\/blog\/author\/heloisa-dabus\/\"}]}<\/script>\n<!-- \/ Yoast SEO plugin. -->","yoast_head_json":{"title":"A import\u00e2ncia da \u00e1rea de recrea\u00e7\u00e3o no ambiente escolar","description":"Estudar \u00e9 muito mais que estar em uma sala de aula, a \u00e1rea de recrea\u00e7\u00e3o deve ser considerada uma \u00e1rea estrat\u00e9gica na educa\u00e7\u00e3o. Clique aqui para saber mais!","robots":{"index":"index","follow":"follow","max-snippet":"max-snippet:-1","max-image-preview":"max-image-preview:large","max-video-preview":"max-video-preview:-1"},"canonical":"https:\/\/www.dabusarquitetura.com.br\/blog\/area-de-recreacao-escola\/","og_locale":"pt_BR","og_type":"article","og_title":"A import\u00e2ncia da \u00e1rea de recrea\u00e7\u00e3o no ambiente escolar","og_description":"Estudar \u00e9 muito mais que estar em uma sala de aula, a \u00e1rea de recrea\u00e7\u00e3o deve ser considerada uma \u00e1rea estrat\u00e9gica na educa\u00e7\u00e3o. Clique aqui para saber mais!","og_url":"https:\/\/www.dabusarquitetura.com.br\/blog\/area-de-recreacao-escola\/","og_site_name":"DABUS ARQUITETURA","article_published_time":"2018-04-26T10:00:19+00:00","article_modified_time":"2022-07-28T11:36:07+00:00","og_image":[{"url":"http:\/\/www.dabusarquitetura.com.br\/blog\/wp-content\/uploads\/2018\/04\/area-de-recreacao.png"}],"author":"heloisa.dabus","twitter_card":"summary_large_image","twitter_misc":{"Escrito por":"heloisa.dabus","Est. tempo de leitura":"3 minutos"},"schema":{"@context":"https:\/\/schema.org","@graph":[{"@type":"WebPage","@id":"https:\/\/www.dabusarquitetura.com.br\/blog\/area-de-recreacao-escola\/","url":"https:\/\/www.dabusarquitetura.com.br\/blog\/area-de-recreacao-escola\/","name":"A import\u00e2ncia da \u00e1rea de recrea\u00e7\u00e3o no ambiente escolar","isPartOf":{"@id":"https:\/\/www.dabusarquitetura.com.br\/blog\/#website"},"datePublished":"2018-04-26T10:00:19+00:00","dateModified":"2022-07-28T11:36:07+00:00","author":{"@id":"https:\/\/www.dabusarquitetura.com.br\/blog\/#\/schema\/person\/978b78d74759412a1cd43634996237c4"},"description":"Estudar \u00e9 muito mais que estar em uma sala de aula, a \u00e1rea de recrea\u00e7\u00e3o deve ser considerada uma \u00e1rea estrat\u00e9gica na educa\u00e7\u00e3o. Clique aqui para saber mais!","breadcrumb":{"@id":"https:\/\/www.dabusarquitetura.com.br\/blog\/area-de-recreacao-escola\/#breadcrumb"},"inLanguage":"pt-BR","potentialAction":[{"@type":"ReadAction","target":["https:\/\/www.dabusarquitetura.com.br\/blog\/area-de-recreacao-escola\/"]}]},{"@type":"BreadcrumbList","@id":"https:\/\/www.dabusarquitetura.com.br\/blog\/area-de-recreacao-escola\/#breadcrumb","itemListElement":[{"@type":"ListItem","position":1,"name":"In\u00edcio","item":"https:\/\/www.dabusarquitetura.com.br\/blog\/"},{"@type":"ListItem","position":2,"name":"A import\u00e2ncia da \u00e1rea de recrea\u00e7\u00e3o na escola"}]},{"@type":"WebSite","@id":"https:\/\/www.dabusarquitetura.com.br\/blog\/#website","url":"https:\/\/www.dabusarquitetura.com.br\/blog\/","name":"DABUS ARQUITETURA","description":"Arquitetura Corporativa","potentialAction":[{"@type":"SearchAction","target":{"@type":"EntryPoint","urlTemplate":"https:\/\/www.dabusarquitetura.com.br\/blog\/?s={search_term_string}"},"query-input":"required name=search_term_string"}],"inLanguage":"pt-BR"},{"@type":"Person","@id":"https:\/\/www.dabusarquitetura.com.br\/blog\/#\/schema\/person\/978b78d74759412a1cd43634996237c4","name":"heloisa.dabus","image":{"@type":"ImageObject","inLanguage":"pt-BR","@id":"https:\/\/www.dabusarquitetura.com.br\/blog\/#\/schema\/person\/image\/","url":"https:\/\/secure.gravatar.com\/avatar\/4078f4f8e54fb70a99a5e9edc642ecb1?s=96&d=mm&r=g","contentUrl":"https:\/\/secure.gravatar.com\/avatar\/4078f4f8e54fb70a99a5e9edc642ecb1?s=96&d=mm&r=g","caption":"heloisa.dabus"},"url":"https:\/\/www.dabusarquitetura.com.br\/blog\/author\/heloisa-dabus\/"}]}},"_links":{"self":[{"href":"https:\/\/www.dabusarquitetura.com.br\/blog\/wp-json\/wp\/v2\/posts\/13866"}],"collection":[{"href":"https:\/\/www.dabusarquitetura.com.br\/blog\/wp-json\/wp\/v2\/posts"}],"about":[{"href":"https:\/\/www.dabusarquitetura.com.br\/blog\/wp-json\/wp\/v2\/types\/post"}],"author":[{"embeddable":true,"href":"https:\/\/www.dabusarquitetura.com.br\/blog\/wp-json\/wp\/v2\/users\/3"}],"replies":[{"embeddable":true,"href":"https:\/\/www.dabusarquitetura.com.br\/blog\/wp-json\/wp\/v2\/comments?post=13866"}],"version-history":[{"count":1,"href":"https:\/\/www.dabusarquitetura.com.br\/blog\/wp-json\/wp\/v2\/posts\/13866\/revisions"}],"predecessor-version":[{"id":16340,"href":"https:\/\/www.dabusarquitetura.com.br\/blog\/wp-json\/wp\/v2\/posts\/13866\/revisions\/16340"}],"wp:attachment":[{"href":"https:\/\/www.dabusarquitetura.com.br\/blog\/wp-json\/wp\/v2\/media?parent=13866"}],"wp:term":[{"taxonomy":"category","embeddable":true,"href":"https:\/\/www.dabusarquitetura.com.br\/blog\/wp-json\/wp\/v2\/categories?post=13866"},{"taxonomy":"post_tag","embeddable":true,"href":"https:\/\/www.dabusarquitetura.com.br\/blog\/wp-json\/wp\/v2\/tags?post=13866"}],"curies":[{"name":"wp","href":"https:\/\/api.w.org\/{rel}","templated":true}]}}