{"id":13800,"date":"2018-03-21T19:48:51","date_gmt":"2018-03-21T19:48:51","guid":{"rendered":"http:\/\/www.dabus.com.br\/blog\/?p=13800"},"modified":"2022-07-28T14:35:18","modified_gmt":"2022-07-28T11:35:18","slug":"conforto-acustico-ambiente-trabalho","status":"publish","type":"post","link":"https:\/\/www.dabusarquitetura.com.br\/blog\/conforto-acustico-ambiente-trabalho\/","title":{"rendered":"Conforto ac\u00fastico: Qual sua import\u00e2ncia no ambiente de trabalho?"},"content":{"rendered":"<p>O <strong>conforto ac\u00fastico<\/strong> dentro do ambiente de trabalho \u00e9 fundamental para o rendimento do neg\u00f3cio, afinal, os colaboradores necessitam de concentra\u00e7\u00e3o para realizar suas tarefas.<\/p>\n<p>A regi\u00e3o onde a empresa est\u00e1 localizada, o tipo de produ\u00e7\u00e3o executado e os materiais usados na estrutura do espa\u00e7o podem influenciar, ou n\u00e3o, a gera\u00e7\u00e3o de ru\u00eddos. Um bom projeto de <strong><a href=\"http:\/\/www.dabusarquitetura.com.br\/site\/arquitetura-corporativa\">Arquitetura Corporativa<\/a><\/strong>&nbsp;deve prever solu\u00e7\u00f5es para resolver quest\u00f5es relacionadas ao barulho.<\/p>\n<p>Acompanhe e saiba mais!<\/p>\n<h2 style=\"text-align: left;\">Como ter conforto ac\u00fastico no ambiente de trabalho?<\/h2>\n<p style=\"text-align: center;\"><img decoding=\"async\" loading=\"lazy\" class=\"aligncenter wp-image-13805 size-full\" title=\"Imagem meramente ilustrativa\" src=\"http:\/\/www.dabusarquitetura.com.br\/blog\/wp-content\/uploads\/2018\/03\/conforto-acustico-ambiente-trabalho.jpg\" alt=\"Conforto ac\u00fastico no escrit\u00f3rio\" width=\"620\" height=\"273\" srcset=\"https:\/\/www.dabusarquitetura.com.br\/blog\/wp-content\/uploads\/2018\/03\/conforto-acustico-ambiente-trabalho.jpg 620w, https:\/\/www.dabusarquitetura.com.br\/blog\/wp-content\/uploads\/2018\/03\/conforto-acustico-ambiente-trabalho-420x185.jpg 420w, https:\/\/www.dabusarquitetura.com.br\/blog\/wp-content\/uploads\/2018\/03\/conforto-acustico-ambiente-trabalho-300x132.jpg 300w\" sizes=\"(max-width: 620px) 100vw, 620px\" \/><\/p>\n<p>Seu time anda desatento, estressado ou desmotivado?<\/p>\n<p>Aten\u00e7\u00e3o! Pode ser porque n\u00e3o h\u00e1 no local os n\u00edveis adequados de sil\u00eancio, o que precisa ser solucionado o quanto antes, a fim de evitar desgastes e queda de produtividade.<\/p>\n<p>Existem&nbsp;tratamentos espec\u00edficos para&nbsp;garantir o conforto ac\u00fastico. Conhe\u00e7a algumas sa\u00eddas&#8230;<\/p>\n<h2>Isolamento ac\u00fastico<\/h2>\n<p>Como o nome j\u00e1 sugere, o isolamento ac\u00fastico busca isolar os ru\u00eddos em determinado espa\u00e7o, funcionando uma <strong>barreira para o som<\/strong>. H\u00e1 materiais especiais que asseguram essa fun\u00e7\u00e3o, tais como a madeira, o gesso e alguns tipos de tijolos, entre outros. Quais mais espessos forem, mais densa ser\u00e1 a barreira, o que \u00e9 importante para evitar&nbsp;sons graves.<\/p>\n<p>J\u00e1 os sons agudos, podem ser reduzidos com materiais de menor densidade. Folhas de a\u00e7o, l\u00e3 de vidro e concreto s\u00e3o alguns exemplos.<\/p>\n<p>\u00c9 interessante observar tamb\u00e9m os tipos de ru\u00eddos:<\/p>\n<ul>\n<li><strong>A\u00e9reos:<\/strong>&nbsp;S\u00e3o os sons propagados pelo ar, como vozes, constru\u00e7\u00f5es, m\u00fasica e tr\u00e2nsito. Para isol\u00e1-los \u00e9 adequado tratar paredes, portas,&nbsp;janelas e&nbsp;divis\u00f3rias. O uso de l\u00e3 de vidro \u00e9 muito comum nesses casos;<\/li>\n<li><strong>Impactos:<\/strong> S\u00e3o aqueles ru\u00eddos que vibram e se difundem pela estrutura, como os que s\u00e3o gerados por passos no andar de cima e choques nas paredes. Para isolar esse tipo de barulho \u00e9 necess\u00e1rio investir em um sistema de&nbsp;amortecimento.<\/li>\n<\/ul>\n<h2>Analisando a localiza\u00e7\u00e3o<\/h2>\n<p>Embora existam excelentes sistemas de isolamento ac\u00fastico, a escolha da localiza\u00e7\u00e3o do escrit\u00f3rio continua sendo de grande relev\u00e2ncia. Portanto, busque sempre analisar a regi\u00e3o e o que h\u00e1 por perto. Alguns estabelecimentos podem causar <strong>polui\u00e7\u00e3o sonora<\/strong>, dificultando o bem-estar da equipe.<\/p>\n<p>E, mesmo que haja um bom tratamento no ambiente, lembre-se que os <strong>clientes tamb\u00e9m precisam desfrutar do conforto ac\u00fastico<\/strong>, o que n\u00e3o aconteceria da porta para fora. Assim, \u00e9 importante que o local seja adequado \u00e0s atividades do neg\u00f3cio, de f\u00e1cil acesso para o p\u00fablico e confort\u00e1vel para todos.<\/p>\n<p>Proporcione experi\u00eancias agrad\u00e1veis e construa a sua marca sob os pilares da excel\u00eancia!<\/p>\n<p>Para saber como a&nbsp;<strong>DABUS ARQUITETURA<\/strong> pode ajudar,<strong>&nbsp;<\/strong><a href=\"http:\/\/www.dabusarquitetura.com.br\/site\/contato\"><strong>entre em contato<\/strong><\/a>&nbsp;e conhe\u00e7a nossas solu\u00e7\u00f5es em Arquitetura Corporativa.<\/p>\n<p style=\"text-align: center;\"><span style=\"color: #999999;\">Refer\u00eancias: <a href=\"http:\/\/blogdaergonomia.com.br\/2017\/03\/07\/conforto-acustico-ergonomia\/\">Blog da Ergotr\u00edade<\/a>, <a href=\"https:\/\/www.isover.com.br\/o-que-e-isolamento-acustico\" target=\"_blank\" rel=\"noopener noreferrer\">ISOVER<\/a>,&nbsp;<a href=\"http:\/\/www.amplitudeacustica.com.br\/blog\/importancia-do-conforto-acustico-em-escritorios-corporativos\/\">Amplitude Solu\u00e7\u00f5es Ac\u00fasticas<\/a>.<\/span><\/p>\n","protected":false},"excerpt":{"rendered":"<p>O conforto ac\u00fastico dentro do ambiente de trabalho \u00e9 fundamental para o rendimento do neg\u00f3cio, afinal, os colaboradores necessitam de concentra\u00e7\u00e3o para realizar suas tarefas. [&hellip;]<\/p>\n","protected":false},"author":3,"featured_media":0,"comment_status":"open","ping_status":"open","sticky":false,"template":"","format":"standard","meta":[],"categories":[7],"tags":[],"yoast_head":"<!-- This site is optimized with the Yoast SEO plugin v20.8 - https:\/\/yoast.com\/wordpress\/plugins\/seo\/ -->\n<title>Conforto ac\u00fastico: Sua import\u00e2ncia no ambiente de trabalho<\/title>\n<meta name=\"description\" content=\"O conforto ac\u00fastico no ambiente de trabalho \u00e9 fundamental para o rendimento das atividades. E quem consegue produzir bem em meio a ru\u00eddos?\" \/>\n<meta name=\"robots\" content=\"index, follow, max-snippet:-1, max-image-preview:large, max-video-preview:-1\" \/>\n<link rel=\"canonical\" href=\"https:\/\/www.dabusarquitetura.com.br\/blog\/conforto-acustico-ambiente-trabalho\/\" \/>\n<meta property=\"og:locale\" content=\"pt_BR\" \/>\n<meta property=\"og:type\" content=\"article\" \/>\n<meta property=\"og:title\" content=\"Conforto ac\u00fastico: Sua import\u00e2ncia no ambiente de trabalho\" \/>\n<meta property=\"og:description\" content=\"O conforto ac\u00fastico no ambiente de trabalho \u00e9 fundamental para o rendimento das atividades. E quem consegue produzir bem em meio a ru\u00eddos?\" \/>\n<meta property=\"og:url\" content=\"https:\/\/www.dabusarquitetura.com.br\/blog\/conforto-acustico-ambiente-trabalho\/\" \/>\n<meta property=\"og:site_name\" content=\"DABUS ARQUITETURA\" \/>\n<meta property=\"article:published_time\" content=\"2018-03-21T19:48:51+00:00\" \/>\n<meta property=\"article:modified_time\" content=\"2022-07-28T11:35:18+00:00\" \/>\n<meta property=\"og:image\" content=\"http:\/\/www.dabusarquitetura.com.br\/blog\/wp-content\/uploads\/2018\/03\/conforto-acustico-ambiente-trabalho.jpg\" \/>\n<meta name=\"author\" content=\"heloisa.dabus\" \/>\n<meta name=\"twitter:card\" content=\"summary_large_image\" \/>\n<meta name=\"twitter:label1\" content=\"Escrito por\" \/>\n\t<meta name=\"twitter:data1\" content=\"heloisa.dabus\" \/>\n\t<meta name=\"twitter:label2\" content=\"Est. tempo de leitura\" \/>\n\t<meta name=\"twitter:data2\" content=\"2 minutos\" \/>\n<script type=\"application\/ld+json\" class=\"yoast-schema-graph\">{\"@context\":\"https:\/\/schema.org\",\"@graph\":[{\"@type\":\"WebPage\",\"@id\":\"https:\/\/www.dabusarquitetura.com.br\/blog\/conforto-acustico-ambiente-trabalho\/\",\"url\":\"https:\/\/www.dabusarquitetura.com.br\/blog\/conforto-acustico-ambiente-trabalho\/\",\"name\":\"Conforto ac\u00fastico: Sua import\u00e2ncia no ambiente de trabalho\",\"isPartOf\":{\"@id\":\"https:\/\/www.dabusarquitetura.com.br\/blog\/#website\"},\"datePublished\":\"2018-03-21T19:48:51+00:00\",\"dateModified\":\"2022-07-28T11:35:18+00:00\",\"author\":{\"@id\":\"https:\/\/www.dabusarquitetura.com.br\/blog\/#\/schema\/person\/978b78d74759412a1cd43634996237c4\"},\"description\":\"O conforto ac\u00fastico no ambiente de trabalho \u00e9 fundamental para o rendimento das atividades. E quem consegue produzir bem em meio a ru\u00eddos?\",\"breadcrumb\":{\"@id\":\"https:\/\/www.dabusarquitetura.com.br\/blog\/conforto-acustico-ambiente-trabalho\/#breadcrumb\"},\"inLanguage\":\"pt-BR\",\"potentialAction\":[{\"@type\":\"ReadAction\",\"target\":[\"https:\/\/www.dabusarquitetura.com.br\/blog\/conforto-acustico-ambiente-trabalho\/\"]}]},{\"@type\":\"BreadcrumbList\",\"@id\":\"https:\/\/www.dabusarquitetura.com.br\/blog\/conforto-acustico-ambiente-trabalho\/#breadcrumb\",\"itemListElement\":[{\"@type\":\"ListItem\",\"position\":1,\"name\":\"In\u00edcio\",\"item\":\"https:\/\/www.dabusarquitetura.com.br\/blog\/\"},{\"@type\":\"ListItem\",\"position\":2,\"name\":\"Conforto ac\u00fastico: Qual sua import\u00e2ncia no ambiente de trabalho?\"}]},{\"@type\":\"WebSite\",\"@id\":\"https:\/\/www.dabusarquitetura.com.br\/blog\/#website\",\"url\":\"https:\/\/www.dabusarquitetura.com.br\/blog\/\",\"name\":\"DABUS ARQUITETURA\",\"description\":\"Arquitetura Corporativa\",\"potentialAction\":[{\"@type\":\"SearchAction\",\"target\":{\"@type\":\"EntryPoint\",\"urlTemplate\":\"https:\/\/www.dabusarquitetura.com.br\/blog\/?s={search_term_string}\"},\"query-input\":\"required name=search_term_string\"}],\"inLanguage\":\"pt-BR\"},{\"@type\":\"Person\",\"@id\":\"https:\/\/www.dabusarquitetura.com.br\/blog\/#\/schema\/person\/978b78d74759412a1cd43634996237c4\",\"name\":\"heloisa.dabus\",\"image\":{\"@type\":\"ImageObject\",\"inLanguage\":\"pt-BR\",\"@id\":\"https:\/\/www.dabusarquitetura.com.br\/blog\/#\/schema\/person\/image\/\",\"url\":\"https:\/\/secure.gravatar.com\/avatar\/4078f4f8e54fb70a99a5e9edc642ecb1?s=96&d=mm&r=g\",\"contentUrl\":\"https:\/\/secure.gravatar.com\/avatar\/4078f4f8e54fb70a99a5e9edc642ecb1?s=96&d=mm&r=g\",\"caption\":\"heloisa.dabus\"},\"url\":\"https:\/\/www.dabusarquitetura.com.br\/blog\/author\/heloisa-dabus\/\"}]}<\/script>\n<!-- \/ Yoast SEO plugin. -->","yoast_head_json":{"title":"Conforto ac\u00fastico: Sua import\u00e2ncia no ambiente de trabalho","description":"O conforto ac\u00fastico no ambiente de trabalho \u00e9 fundamental para o rendimento das atividades. E quem consegue produzir bem em meio a ru\u00eddos?","robots":{"index":"index","follow":"follow","max-snippet":"max-snippet:-1","max-image-preview":"max-image-preview:large","max-video-preview":"max-video-preview:-1"},"canonical":"https:\/\/www.dabusarquitetura.com.br\/blog\/conforto-acustico-ambiente-trabalho\/","og_locale":"pt_BR","og_type":"article","og_title":"Conforto ac\u00fastico: Sua import\u00e2ncia no ambiente de trabalho","og_description":"O conforto ac\u00fastico no ambiente de trabalho \u00e9 fundamental para o rendimento das atividades. E quem consegue produzir bem em meio a ru\u00eddos?","og_url":"https:\/\/www.dabusarquitetura.com.br\/blog\/conforto-acustico-ambiente-trabalho\/","og_site_name":"DABUS ARQUITETURA","article_published_time":"2018-03-21T19:48:51+00:00","article_modified_time":"2022-07-28T11:35:18+00:00","og_image":[{"url":"http:\/\/www.dabusarquitetura.com.br\/blog\/wp-content\/uploads\/2018\/03\/conforto-acustico-ambiente-trabalho.jpg"}],"author":"heloisa.dabus","twitter_card":"summary_large_image","twitter_misc":{"Escrito por":"heloisa.dabus","Est. tempo de leitura":"2 minutos"},"schema":{"@context":"https:\/\/schema.org","@graph":[{"@type":"WebPage","@id":"https:\/\/www.dabusarquitetura.com.br\/blog\/conforto-acustico-ambiente-trabalho\/","url":"https:\/\/www.dabusarquitetura.com.br\/blog\/conforto-acustico-ambiente-trabalho\/","name":"Conforto ac\u00fastico: Sua import\u00e2ncia no ambiente de trabalho","isPartOf":{"@id":"https:\/\/www.dabusarquitetura.com.br\/blog\/#website"},"datePublished":"2018-03-21T19:48:51+00:00","dateModified":"2022-07-28T11:35:18+00:00","author":{"@id":"https:\/\/www.dabusarquitetura.com.br\/blog\/#\/schema\/person\/978b78d74759412a1cd43634996237c4"},"description":"O conforto ac\u00fastico no ambiente de trabalho \u00e9 fundamental para o rendimento das atividades. E quem consegue produzir bem em meio a ru\u00eddos?","breadcrumb":{"@id":"https:\/\/www.dabusarquitetura.com.br\/blog\/conforto-acustico-ambiente-trabalho\/#breadcrumb"},"inLanguage":"pt-BR","potentialAction":[{"@type":"ReadAction","target":["https:\/\/www.dabusarquitetura.com.br\/blog\/conforto-acustico-ambiente-trabalho\/"]}]},{"@type":"BreadcrumbList","@id":"https:\/\/www.dabusarquitetura.com.br\/blog\/conforto-acustico-ambiente-trabalho\/#breadcrumb","itemListElement":[{"@type":"ListItem","position":1,"name":"In\u00edcio","item":"https:\/\/www.dabusarquitetura.com.br\/blog\/"},{"@type":"ListItem","position":2,"name":"Conforto ac\u00fastico: Qual sua import\u00e2ncia no ambiente de trabalho?"}]},{"@type":"WebSite","@id":"https:\/\/www.dabusarquitetura.com.br\/blog\/#website","url":"https:\/\/www.dabusarquitetura.com.br\/blog\/","name":"DABUS ARQUITETURA","description":"Arquitetura Corporativa","potentialAction":[{"@type":"SearchAction","target":{"@type":"EntryPoint","urlTemplate":"https:\/\/www.dabusarquitetura.com.br\/blog\/?s={search_term_string}"},"query-input":"required name=search_term_string"}],"inLanguage":"pt-BR"},{"@type":"Person","@id":"https:\/\/www.dabusarquitetura.com.br\/blog\/#\/schema\/person\/978b78d74759412a1cd43634996237c4","name":"heloisa.dabus","image":{"@type":"ImageObject","inLanguage":"pt-BR","@id":"https:\/\/www.dabusarquitetura.com.br\/blog\/#\/schema\/person\/image\/","url":"https:\/\/secure.gravatar.com\/avatar\/4078f4f8e54fb70a99a5e9edc642ecb1?s=96&d=mm&r=g","contentUrl":"https:\/\/secure.gravatar.com\/avatar\/4078f4f8e54fb70a99a5e9edc642ecb1?s=96&d=mm&r=g","caption":"heloisa.dabus"},"url":"https:\/\/www.dabusarquitetura.com.br\/blog\/author\/heloisa-dabus\/"}]}},"_links":{"self":[{"href":"https:\/\/www.dabusarquitetura.com.br\/blog\/wp-json\/wp\/v2\/posts\/13800"}],"collection":[{"href":"https:\/\/www.dabusarquitetura.com.br\/blog\/wp-json\/wp\/v2\/posts"}],"about":[{"href":"https:\/\/www.dabusarquitetura.com.br\/blog\/wp-json\/wp\/v2\/types\/post"}],"author":[{"embeddable":true,"href":"https:\/\/www.dabusarquitetura.com.br\/blog\/wp-json\/wp\/v2\/users\/3"}],"replies":[{"embeddable":true,"href":"https:\/\/www.dabusarquitetura.com.br\/blog\/wp-json\/wp\/v2\/comments?post=13800"}],"version-history":[{"count":1,"href":"https:\/\/www.dabusarquitetura.com.br\/blog\/wp-json\/wp\/v2\/posts\/13800\/revisions"}],"predecessor-version":[{"id":16337,"href":"https:\/\/www.dabusarquitetura.com.br\/blog\/wp-json\/wp\/v2\/posts\/13800\/revisions\/16337"}],"wp:attachment":[{"href":"https:\/\/www.dabusarquitetura.com.br\/blog\/wp-json\/wp\/v2\/media?parent=13800"}],"wp:term":[{"taxonomy":"category","embeddable":true,"href":"https:\/\/www.dabusarquitetura.com.br\/blog\/wp-json\/wp\/v2\/categories?post=13800"},{"taxonomy":"post_tag","embeddable":true,"href":"https:\/\/www.dabusarquitetura.com.br\/blog\/wp-json\/wp\/v2\/tags?post=13800"}],"curies":[{"name":"wp","href":"https:\/\/api.w.org\/{rel}","templated":true}]}}