{"id":13627,"date":"2018-01-17T15:53:45","date_gmt":"2018-01-17T15:53:45","guid":{"rendered":"http:\/\/www.dabus.com.br\/blog\/?p=13627"},"modified":"2022-07-28T14:32:13","modified_gmt":"2022-07-28T11:32:13","slug":"empresa-flexivel-ambiente-de-trabalho","status":"publish","type":"post","link":"https:\/\/www.dabusarquitetura.com.br\/blog\/empresa-flexivel-ambiente-de-trabalho\/","title":{"rendered":"Empresa flex\u00edvel: Como deve ser seu ambiente de trabalho?"},"content":{"rendered":"<p>Aquele antigo modelo de empresas que exigem profissionais &#8220;batendo o ponto&#8221;, almo\u00e7ando sempre no mesmo hor\u00e1rio e seguindo \u00e0 risca outras regras r\u00edgidas, est\u00e1 a cada dia mais sendo deixado de lado. Hoje a principal aposta est\u00e1 na flexibilidade para sobreviver e ganhar competitividade no mercado. Assim, o conceito de&nbsp;<strong>empresa flex\u00edvel<\/strong>&nbsp;ganha espa\u00e7o entre diferentes setores e neg\u00f3cios.<\/p>\n<h2><strong>O perfil da empresa flex\u00edvel<\/strong><\/h2>\n<p style=\"text-align: center;\"><img decoding=\"async\" loading=\"lazy\" class=\"aligncenter wp-image-13642 size-full\" title=\"Imagem meramente ilustrativa\" src=\"http:\/\/www.dabusarquitetura.com.br\/blog\/wp-content\/uploads\/2018\/01\/empresa-flexivel-ambiente-trabalho.jpg\" alt=\"Empresa flex\u00edvel\" width=\"620\" height=\"273\" srcset=\"https:\/\/www.dabusarquitetura.com.br\/blog\/wp-content\/uploads\/2018\/01\/empresa-flexivel-ambiente-trabalho.jpg 620w, https:\/\/www.dabusarquitetura.com.br\/blog\/wp-content\/uploads\/2018\/01\/empresa-flexivel-ambiente-trabalho-420x185.jpg 420w, https:\/\/www.dabusarquitetura.com.br\/blog\/wp-content\/uploads\/2018\/01\/empresa-flexivel-ambiente-trabalho-300x132.jpg 300w\" sizes=\"(max-width: 620px) 100vw, 620px\" \/><\/p>\n<p style=\"text-align: center;\"><span style=\"color: #999999;\">Imagem meramente ilustrativa.<\/span><\/p>\n<p>A empresa flex\u00edvel \u00e9 aquela que n\u00e3o (mais) prioriza a hierarquia organizacional e a produtividade acima de qualquer coisa. Ela acolhe seus colaboradores e os fazem se sentir parte da companhia. Contrata pessoas altamente capacitadas e, a partir da\u00ed, acredita em seu comprometimento. Por isso, n\u00e3o se torna um vigia implac\u00e1vel de suas atividades. <strong>O que importa s\u00e3o os resultados<\/strong> e n\u00e3o a forma como cada uma acha melhor trabalhar.<\/p>\n<p>Para esse neg\u00f3cio, a <strong>reten\u00e7\u00e3o de talentos<\/strong> \u00e9 crucial no presente cen\u00e1rio do mercado. Dessa forma, a preocupa\u00e7\u00e3o com o conforto e satisfa\u00e7\u00e3o pessoal deles passa a fazer <strong>parte da cultura do local<\/strong>.<\/p>\n<p>E n\u00e3o \u00e9 s\u00f3 isso, pois com a possibilidade de se trabalhar muitas horas na empresa, faz-se indispens\u00e1vel a oferta de um ambiente agrad\u00e1vel, que proporcione n\u00e3o apenas condi\u00e7\u00f5es t\u00e9cnicas para o desenvolvimento das tarefas, como tamb\u00e9m momentos de relaxamento.<\/p>\n<p>Hoje queremos falar especialmente sobre isso, dando dicas para voc\u00ea que \u00e9 ou quer se tornar uma empresa flex\u00edvel. Acompanhe&#8230;<\/p>\n<h2><strong>1. Invista no&nbsp;<em>open space<\/em><\/strong><\/h2>\n<p>Sem &#8220;barreiras&#8221; (paredes e salas individualizadas), o <em>open space<\/em> proporciona um escrit\u00f3rio com maior&nbsp;<a href=\"http:\/\/www.dabusarquitetura.com.br\/blog\/2018\/01\/escritorio-do-futuro-flexibilidade\/\"><strong>contato entre os funcion\u00e1rios<\/strong><\/a>. Esse modelo de <em>layout<\/em> permite que o&nbsp;fluxo de informa\u00e7\u00f5es torne-se mais din\u00e2mico. Ter essa agilidade atualmente \u00e9 muito importante, sobretudo quando o time tem liberdade para colaborar com novas ideias e solu\u00e7\u00f5es.<\/p>\n<p>A <strong>otimiza\u00e7\u00e3o do espa\u00e7o<\/strong> \u00e9 outra vantagem, que permite economizar recursos sem preju\u00edzo \u00e0s acomoda\u00e7\u00f5es.<\/p>\n<h2><strong>2. Tenha um mobili\u00e1rio modular<\/strong><\/h2>\n<p>Sin\u00f4nimo de praticidade e organiza\u00e7\u00e3o, o mobili\u00e1rio modular permite que as pe\u00e7as se adaptem facilmente a novos <em>layouts<\/em> e tamb\u00e9m sejam movidas a qualquer momento. S\u00e3o leves e contam com formatos modernos e vers\u00e1teis.<\/p>\n<p>Surgiu uma nova demanda? A equipe tem outras necessidades? Esse m\u00f3veis conseguem acompanhar as mudan\u00e7as <strong>evitando maiores investimentos<\/strong> no espa\u00e7o.<\/p>\n<h2><strong>3. Esteja bem equipado<\/strong><\/h2>\n<p>Conte com os equipamentos certos, como bons computadores e uma internet r\u00e1pida. Esses instrumentos podem parecer b\u00e1sicos, mas acredite, sem eles o trabalho pode ser totalmente comprometido.<\/p>\n<p>Uma empresa flex\u00edvel deve ter a tecnologia como sua melhor amiga, principalmente porque muitos colaboradores podem <strong>atuar de forma remota<\/strong>.<\/p>\n<h2><strong>4. Crie espa\u00e7os de descompress\u00e3o<\/strong><\/h2>\n<p>Estamos falando aqui de ambientes destinados para o relaxamento e intera\u00e7\u00e3o da equipe. Em meio \u00e0 rotina agitada, as <a href=\"http:\/\/www.dabusarquitetura.com.br\/blog\/2014\/03\/o-uso-adequado-das-salas-de-descompressao\/\"><strong>salas de descompress\u00e3o<\/strong><\/a> permitem <strong>resgatar as for\u00e7as e o bom humor<\/strong> para seguir em frente. Al\u00e9m disso, ali o pessoal passa a se alinhar melhor, criando afinidades e novas conviv\u00eancias.<\/p>\n<p>J\u00e1 pensou em ter uma empresa flex\u00edvel? Analise seu perfil, seus funcion\u00e1rios e objetivos.<\/p>\n<p><a href=\"http:\/\/www.dabusarquitetura.com.br\/site\/contato\"><strong>Entre em contato<\/strong><\/a>&nbsp;e saiba como a <strong>DABUS ARQUITETURA<\/strong> pode desenvolver um projeto de <strong>Arquitetura Corporativa<\/strong> em total sintonia com a cultura do seu neg\u00f3cio!<\/p>\n<p style=\"text-align: center;\"><span style=\"color: #999999;\">Refer\u00eancias: <a href=\"https:\/\/economia.uol.com.br\/empreendedorismo\/colunistas\/2012\/04\/25\/crie-uma-empresa-flexivel-para-ser-competitivo.htm\">UOL Economia<\/a>, <a href=\"https:\/\/dicionariodaeconomia.blogspot.com.br\/2016\/03\/o-que-e-uma-empresa-flexivel.html\">Dicion\u00e1rio de Economia<\/a>, <a href=\"http:\/\/blog.tailormadeconsulting.com.br\/tailor\/2011\/06\/16\/o-que-torna-flexivel-uma-organizacao\/\">Blog da Lideran\u00e7a<\/a>, <a href=\"http:\/\/www.administradores.com.br\/noticias\/carreira\/empresa-flexivel-saiba-o-que-fazer-para-que-os-profissionais-nao-abusem\/51352\/\">Administradores<\/a>, <a href=\"http:\/\/www.worksolution.ws\/open-space-pontos-fortes-e-fracos-de-um-escritorio-sem-paredes\/\">Work Solution<\/a>, <a href=\"http:\/\/www.rsdesign.com.br\/o-que-sao-salas-de-descompressao\/\">RS Design<\/a> e <a href=\"https:\/\/www.homify.com.br\/livros_de_ideias\/442927\/onde-usar-um-mobiliario-modular\">Homify<\/a>.<\/span><\/p>\n","protected":false},"excerpt":{"rendered":"<p>Aquele antigo modelo de empresas que exigem profissionais &#8220;batendo o ponto&#8221;, almo\u00e7ando sempre no mesmo hor\u00e1rio e seguindo \u00e0 risca outras regras r\u00edgidas, est\u00e1 a [&hellip;]<\/p>\n","protected":false},"author":3,"featured_media":0,"comment_status":"open","ping_status":"open","sticky":false,"template":"","format":"standard","meta":[],"categories":[7],"tags":[],"yoast_head":"<!-- This site is optimized with the Yoast SEO plugin v20.8 - https:\/\/yoast.com\/wordpress\/plugins\/seo\/ -->\n<title>Empresa flex\u00edvel: Como deve ser seu ambiente de trabalho?<\/title>\n<meta name=\"description\" content=\"A aposta das empresas \u00e9 a flexibilidade para sobreviver e ganhar competitividade. Mas como deve ser o ambiente da empresa flex\u00edvel? Confira dicas!\" \/>\n<meta name=\"robots\" content=\"index, follow, max-snippet:-1, max-image-preview:large, max-video-preview:-1\" \/>\n<link rel=\"canonical\" href=\"https:\/\/www.dabusarquitetura.com.br\/blog\/empresa-flexivel-ambiente-de-trabalho\/\" \/>\n<meta property=\"og:locale\" content=\"pt_BR\" \/>\n<meta property=\"og:type\" content=\"article\" \/>\n<meta property=\"og:title\" content=\"Empresa flex\u00edvel: Como deve ser seu ambiente de trabalho?\" \/>\n<meta property=\"og:description\" content=\"A aposta das empresas \u00e9 a flexibilidade para sobreviver e ganhar competitividade. Mas como deve ser o ambiente da empresa flex\u00edvel? Confira dicas!\" \/>\n<meta property=\"og:url\" content=\"https:\/\/www.dabusarquitetura.com.br\/blog\/empresa-flexivel-ambiente-de-trabalho\/\" \/>\n<meta property=\"og:site_name\" content=\"DABUS ARQUITETURA\" \/>\n<meta property=\"article:published_time\" content=\"2018-01-17T15:53:45+00:00\" \/>\n<meta property=\"article:modified_time\" content=\"2022-07-28T11:32:13+00:00\" \/>\n<meta property=\"og:image\" content=\"http:\/\/www.dabusarquitetura.com.br\/blog\/wp-content\/uploads\/2018\/01\/empresa-flexivel-ambiente-trabalho.jpg\" \/>\n<meta name=\"author\" content=\"heloisa.dabus\" \/>\n<meta name=\"twitter:card\" content=\"summary_large_image\" \/>\n<meta name=\"twitter:label1\" content=\"Escrito por\" \/>\n\t<meta name=\"twitter:data1\" content=\"heloisa.dabus\" \/>\n\t<meta name=\"twitter:label2\" content=\"Est. tempo de leitura\" \/>\n\t<meta name=\"twitter:data2\" content=\"3 minutos\" \/>\n<script type=\"application\/ld+json\" class=\"yoast-schema-graph\">{\"@context\":\"https:\/\/schema.org\",\"@graph\":[{\"@type\":\"WebPage\",\"@id\":\"https:\/\/www.dabusarquitetura.com.br\/blog\/empresa-flexivel-ambiente-de-trabalho\/\",\"url\":\"https:\/\/www.dabusarquitetura.com.br\/blog\/empresa-flexivel-ambiente-de-trabalho\/\",\"name\":\"Empresa flex\u00edvel: Como deve ser seu ambiente de trabalho?\",\"isPartOf\":{\"@id\":\"https:\/\/www.dabusarquitetura.com.br\/blog\/#website\"},\"datePublished\":\"2018-01-17T15:53:45+00:00\",\"dateModified\":\"2022-07-28T11:32:13+00:00\",\"author\":{\"@id\":\"https:\/\/www.dabusarquitetura.com.br\/blog\/#\/schema\/person\/978b78d74759412a1cd43634996237c4\"},\"description\":\"A aposta das empresas \u00e9 a flexibilidade para sobreviver e ganhar competitividade. Mas como deve ser o ambiente da empresa flex\u00edvel? Confira dicas!\",\"breadcrumb\":{\"@id\":\"https:\/\/www.dabusarquitetura.com.br\/blog\/empresa-flexivel-ambiente-de-trabalho\/#breadcrumb\"},\"inLanguage\":\"pt-BR\",\"potentialAction\":[{\"@type\":\"ReadAction\",\"target\":[\"https:\/\/www.dabusarquitetura.com.br\/blog\/empresa-flexivel-ambiente-de-trabalho\/\"]}]},{\"@type\":\"BreadcrumbList\",\"@id\":\"https:\/\/www.dabusarquitetura.com.br\/blog\/empresa-flexivel-ambiente-de-trabalho\/#breadcrumb\",\"itemListElement\":[{\"@type\":\"ListItem\",\"position\":1,\"name\":\"In\u00edcio\",\"item\":\"https:\/\/www.dabusarquitetura.com.br\/blog\/\"},{\"@type\":\"ListItem\",\"position\":2,\"name\":\"Empresa flex\u00edvel: Como deve ser seu ambiente de trabalho?\"}]},{\"@type\":\"WebSite\",\"@id\":\"https:\/\/www.dabusarquitetura.com.br\/blog\/#website\",\"url\":\"https:\/\/www.dabusarquitetura.com.br\/blog\/\",\"name\":\"DABUS ARQUITETURA\",\"description\":\"Arquitetura Corporativa\",\"potentialAction\":[{\"@type\":\"SearchAction\",\"target\":{\"@type\":\"EntryPoint\",\"urlTemplate\":\"https:\/\/www.dabusarquitetura.com.br\/blog\/?s={search_term_string}\"},\"query-input\":\"required name=search_term_string\"}],\"inLanguage\":\"pt-BR\"},{\"@type\":\"Person\",\"@id\":\"https:\/\/www.dabusarquitetura.com.br\/blog\/#\/schema\/person\/978b78d74759412a1cd43634996237c4\",\"name\":\"heloisa.dabus\",\"image\":{\"@type\":\"ImageObject\",\"inLanguage\":\"pt-BR\",\"@id\":\"https:\/\/www.dabusarquitetura.com.br\/blog\/#\/schema\/person\/image\/\",\"url\":\"https:\/\/secure.gravatar.com\/avatar\/4078f4f8e54fb70a99a5e9edc642ecb1?s=96&d=mm&r=g\",\"contentUrl\":\"https:\/\/secure.gravatar.com\/avatar\/4078f4f8e54fb70a99a5e9edc642ecb1?s=96&d=mm&r=g\",\"caption\":\"heloisa.dabus\"},\"url\":\"https:\/\/www.dabusarquitetura.com.br\/blog\/author\/heloisa-dabus\/\"}]}<\/script>\n<!-- \/ Yoast SEO plugin. -->","yoast_head_json":{"title":"Empresa flex\u00edvel: Como deve ser seu ambiente de trabalho?","description":"A aposta das empresas \u00e9 a flexibilidade para sobreviver e ganhar competitividade. Mas como deve ser o ambiente da empresa flex\u00edvel? Confira dicas!","robots":{"index":"index","follow":"follow","max-snippet":"max-snippet:-1","max-image-preview":"max-image-preview:large","max-video-preview":"max-video-preview:-1"},"canonical":"https:\/\/www.dabusarquitetura.com.br\/blog\/empresa-flexivel-ambiente-de-trabalho\/","og_locale":"pt_BR","og_type":"article","og_title":"Empresa flex\u00edvel: Como deve ser seu ambiente de trabalho?","og_description":"A aposta das empresas \u00e9 a flexibilidade para sobreviver e ganhar competitividade. Mas como deve ser o ambiente da empresa flex\u00edvel? Confira dicas!","og_url":"https:\/\/www.dabusarquitetura.com.br\/blog\/empresa-flexivel-ambiente-de-trabalho\/","og_site_name":"DABUS ARQUITETURA","article_published_time":"2018-01-17T15:53:45+00:00","article_modified_time":"2022-07-28T11:32:13+00:00","og_image":[{"url":"http:\/\/www.dabusarquitetura.com.br\/blog\/wp-content\/uploads\/2018\/01\/empresa-flexivel-ambiente-trabalho.jpg"}],"author":"heloisa.dabus","twitter_card":"summary_large_image","twitter_misc":{"Escrito por":"heloisa.dabus","Est. tempo de leitura":"3 minutos"},"schema":{"@context":"https:\/\/schema.org","@graph":[{"@type":"WebPage","@id":"https:\/\/www.dabusarquitetura.com.br\/blog\/empresa-flexivel-ambiente-de-trabalho\/","url":"https:\/\/www.dabusarquitetura.com.br\/blog\/empresa-flexivel-ambiente-de-trabalho\/","name":"Empresa flex\u00edvel: Como deve ser seu ambiente de trabalho?","isPartOf":{"@id":"https:\/\/www.dabusarquitetura.com.br\/blog\/#website"},"datePublished":"2018-01-17T15:53:45+00:00","dateModified":"2022-07-28T11:32:13+00:00","author":{"@id":"https:\/\/www.dabusarquitetura.com.br\/blog\/#\/schema\/person\/978b78d74759412a1cd43634996237c4"},"description":"A aposta das empresas \u00e9 a flexibilidade para sobreviver e ganhar competitividade. Mas como deve ser o ambiente da empresa flex\u00edvel? Confira dicas!","breadcrumb":{"@id":"https:\/\/www.dabusarquitetura.com.br\/blog\/empresa-flexivel-ambiente-de-trabalho\/#breadcrumb"},"inLanguage":"pt-BR","potentialAction":[{"@type":"ReadAction","target":["https:\/\/www.dabusarquitetura.com.br\/blog\/empresa-flexivel-ambiente-de-trabalho\/"]}]},{"@type":"BreadcrumbList","@id":"https:\/\/www.dabusarquitetura.com.br\/blog\/empresa-flexivel-ambiente-de-trabalho\/#breadcrumb","itemListElement":[{"@type":"ListItem","position":1,"name":"In\u00edcio","item":"https:\/\/www.dabusarquitetura.com.br\/blog\/"},{"@type":"ListItem","position":2,"name":"Empresa flex\u00edvel: Como deve ser seu ambiente de trabalho?"}]},{"@type":"WebSite","@id":"https:\/\/www.dabusarquitetura.com.br\/blog\/#website","url":"https:\/\/www.dabusarquitetura.com.br\/blog\/","name":"DABUS ARQUITETURA","description":"Arquitetura Corporativa","potentialAction":[{"@type":"SearchAction","target":{"@type":"EntryPoint","urlTemplate":"https:\/\/www.dabusarquitetura.com.br\/blog\/?s={search_term_string}"},"query-input":"required name=search_term_string"}],"inLanguage":"pt-BR"},{"@type":"Person","@id":"https:\/\/www.dabusarquitetura.com.br\/blog\/#\/schema\/person\/978b78d74759412a1cd43634996237c4","name":"heloisa.dabus","image":{"@type":"ImageObject","inLanguage":"pt-BR","@id":"https:\/\/www.dabusarquitetura.com.br\/blog\/#\/schema\/person\/image\/","url":"https:\/\/secure.gravatar.com\/avatar\/4078f4f8e54fb70a99a5e9edc642ecb1?s=96&d=mm&r=g","contentUrl":"https:\/\/secure.gravatar.com\/avatar\/4078f4f8e54fb70a99a5e9edc642ecb1?s=96&d=mm&r=g","caption":"heloisa.dabus"},"url":"https:\/\/www.dabusarquitetura.com.br\/blog\/author\/heloisa-dabus\/"}]}},"_links":{"self":[{"href":"https:\/\/www.dabusarquitetura.com.br\/blog\/wp-json\/wp\/v2\/posts\/13627"}],"collection":[{"href":"https:\/\/www.dabusarquitetura.com.br\/blog\/wp-json\/wp\/v2\/posts"}],"about":[{"href":"https:\/\/www.dabusarquitetura.com.br\/blog\/wp-json\/wp\/v2\/types\/post"}],"author":[{"embeddable":true,"href":"https:\/\/www.dabusarquitetura.com.br\/blog\/wp-json\/wp\/v2\/users\/3"}],"replies":[{"embeddable":true,"href":"https:\/\/www.dabusarquitetura.com.br\/blog\/wp-json\/wp\/v2\/comments?post=13627"}],"version-history":[{"count":1,"href":"https:\/\/www.dabusarquitetura.com.br\/blog\/wp-json\/wp\/v2\/posts\/13627\/revisions"}],"predecessor-version":[{"id":16330,"href":"https:\/\/www.dabusarquitetura.com.br\/blog\/wp-json\/wp\/v2\/posts\/13627\/revisions\/16330"}],"wp:attachment":[{"href":"https:\/\/www.dabusarquitetura.com.br\/blog\/wp-json\/wp\/v2\/media?parent=13627"}],"wp:term":[{"taxonomy":"category","embeddable":true,"href":"https:\/\/www.dabusarquitetura.com.br\/blog\/wp-json\/wp\/v2\/categories?post=13627"},{"taxonomy":"post_tag","embeddable":true,"href":"https:\/\/www.dabusarquitetura.com.br\/blog\/wp-json\/wp\/v2\/tags?post=13627"}],"curies":[{"name":"wp","href":"https:\/\/api.w.org\/{rel}","templated":true}]}}