{"id":13134,"date":"2017-05-18T10:00:55","date_gmt":"2017-05-18T10:00:55","guid":{"rendered":"http:\/\/www.dabus.com.br\/blog\/?p=13134"},"modified":"2017-05-18T02:57:46","modified_gmt":"2017-05-18T02:57:46","slug":"o-estilo-minimalista-como-estrategia-otimizacao-espacos-pequenos","status":"publish","type":"post","link":"https:\/\/www.dabusarquitetura.com.br\/blog\/o-estilo-minimalista-como-estrategia-otimizacao-espacos-pequenos\/","title":{"rendered":"O estilo minimalista como estrat\u00e9gia de otimiza\u00e7\u00e3o de pequenos espa\u00e7os"},"content":{"rendered":"<p style=\"text-align: justify;\">Simples, mas n\u00e3o simplista, o <strong>minimalismo na Arquitetura<\/strong> se destaca por seus tra\u00e7os retos, formas depuradas, geometriza\u00e7\u00e3o, paleta de cores neutras e um interessante senso de praticidade aliado \u00e0 eleg\u00e2ncia. Dentro dessa proposta os ambientes passam a apresentar menor quantidade de m\u00f3veis e um aspecto <em>clean<\/em>, que vai bem de encontro ao estilo contempor\u00e2neo.<\/p>\n<p style=\"text-align: justify;\">Projetos que adotam o <strong>conceito minimalista<\/strong> s\u00e3o capazes de proporcionar um excelente benef\u00edcio: a <strong>otimiza\u00e7\u00e3o do espa\u00e7o<\/strong>, que \u00e9 perfeita quando se tem \u00e1reas reduzidas a serem trabalhadas. Na <strong>Arquitetura Corporativa<\/strong>, principalmente, a solu\u00e7\u00e3o \u00e9 essencial para garantir a apresenta\u00e7\u00e3o e a funcionalidade em escrit\u00f3rios pequenos.<\/p>\n<p style=\"text-align: justify;\">Algumas caracter\u00edsticas ajudam a garantir a sensa\u00e7\u00e3o de amplia\u00e7\u00e3o do ambiente. Veja a seguir.<\/p>\n<h2 style=\"text-align: justify;\"><strong>Mobili\u00e1rio planejado<\/strong><\/h2>\n<p style=\"text-align: justify;\">Planejamento \u00e9 a palavra de ordem para que tudo fique em seu devido lugar, sem o risco dos excessos. Nesse sentido, os m\u00f3veis planejados s\u00e3o componentes essenciais que contribuem para a <strong>racionaliza\u00e7\u00e3o do metro quadrado<\/strong> dispon\u00edvel.<\/p>\n<p style=\"text-align: center;\"><img decoding=\"async\" loading=\"lazy\" class=\"aligncenter size-full wp-image-13155\" title=\"Imagem meramente ilustrativa\" src=\"http:\/\/www.dabus.com.br\/blog\/wp-content\/uploads\/2017\/05\/minimalista-moveis-planejados.jpg\" alt=\"minimalista-moveis-planejados\" width=\"620\" height=\"400\" srcset=\"https:\/\/www.dabusarquitetura.com.br\/blog\/wp-content\/uploads\/2017\/05\/minimalista-moveis-planejados.jpg 620w, https:\/\/www.dabusarquitetura.com.br\/blog\/wp-content\/uploads\/2017\/05\/minimalista-moveis-planejados-300x193.jpg 300w\" sizes=\"(max-width: 620px) 100vw, 620px\" \/><\/p>\n<p style=\"text-align: center;\"><a href=\"http:\/\/www.homedsgn.com\/2016\/10\/29\/kirkwood-mccarthy-remodel-a-2-bedroom-residence-in-london\/\" target=\"_blank\">Projeto de Kirkwood McCarthy<\/a>.<\/p>\n<h3><strong>Verticaliza\u00e7\u00e3o<\/strong><\/h3>\n<p style=\"text-align: justify;\">Arm\u00e1rios, prateleiras e outras solu\u00e7\u00f5es de armazenamento vertical contribuem para <strong>economizar espa\u00e7o<\/strong> e, ao mesmo tempo, tornar a ocupa\u00e7\u00e3o do ambiente mais funcional.<\/p>\n<p style=\"text-align: center;\"><img decoding=\"async\" loading=\"lazy\" class=\"aligncenter size-full wp-image-13156\" title=\"Imagem meramente ilustrativa\" src=\"http:\/\/www.dabus.com.br\/blog\/wp-content\/uploads\/2017\/05\/minimalista-verticalizacao.jpg\" alt=\"minimalista-verticalizacao\" width=\"620\" height=\"400\" srcset=\"https:\/\/www.dabusarquitetura.com.br\/blog\/wp-content\/uploads\/2017\/05\/minimalista-verticalizacao.jpg 620w, https:\/\/www.dabusarquitetura.com.br\/blog\/wp-content\/uploads\/2017\/05\/minimalista-verticalizacao-300x193.jpg 300w\" sizes=\"(max-width: 620px) 100vw, 620px\" \/><\/p>\n<p style=\"text-align: center;\"><a href=\"http:\/\/www.homedsgn.com\/2014\/02\/18\/small-is-beautiful-home-by-andrew-gabriella-morrison\/\" target=\"_blank\">Projeto de Andrew e Gabriella Morrison<\/a>.<\/p>\n<p><strong style=\"font-size: 1.17em;\">Ambientes integrados<\/strong><\/p>\n<p style=\"text-align: justify;\">Espa\u00e7os integrados d\u00e3o uma sensa\u00e7\u00e3o maior de amplitude. O conceito de <em><strong>open<\/strong><\/em> <em><strong>space<\/strong><\/em> estabelece um di\u00e1logo pr\u00f3ximo ao <strong>estilo minimalista<\/strong>, pois ao eliminar paredes e <em>layouts<\/em> individualizados equaciona a l\u00f3gica de &#8220;menos \u00e9 mais&#8221;.<\/p>\n<p style=\"text-align: center;\"><img decoding=\"async\" loading=\"lazy\" class=\"aligncenter size-full wp-image-13158\" title=\"Imagem meramente ilustrativa\" src=\"http:\/\/www.dabus.com.br\/blog\/wp-content\/uploads\/2017\/05\/minimalista-open-space.jpg\" alt=\"minimalista-open-space\" width=\"620\" height=\"400\" srcset=\"https:\/\/www.dabusarquitetura.com.br\/blog\/wp-content\/uploads\/2017\/05\/minimalista-open-space.jpg 620w, https:\/\/www.dabusarquitetura.com.br\/blog\/wp-content\/uploads\/2017\/05\/minimalista-open-space-300x193.jpg 300w\" sizes=\"(max-width: 620px) 100vw, 620px\" \/><\/p>\n<p style=\"text-align: center;\"><a href=\"https:\/\/officesnapshots.com\/2017\/05\/03\/now-careers-offices-sydney\/\" target=\"_blank\">Projeto de Morphos<\/a>.<\/p>\n<h3><strong>Uniformidade no piso<\/strong><\/h3>\n<p style=\"text-align: justify;\">A aplica\u00e7\u00e3o do mesmo piso refor\u00e7a a ideia de integra\u00e7\u00e3o do <em>open space<\/em>\u00a0e mant\u00e9m o <strong>aspecto <em>clean<\/em> no local<\/strong>. Al\u00e9m disso, facilita o processo de limpeza, o que \u00e9 muito pertinente no caso dos escrit\u00f3rios.<\/p>\n<p style=\"text-align: center;\"><img decoding=\"async\" loading=\"lazy\" class=\"aligncenter size-full wp-image-13159\" title=\"Imagem meramente ilustrativa\" src=\"http:\/\/www.dabus.com.br\/blog\/wp-content\/uploads\/2017\/05\/minimalista-piso-uniforme.jpg\" alt=\"minimalista-piso-uniforme\" width=\"620\" height=\"400\" srcset=\"https:\/\/www.dabusarquitetura.com.br\/blog\/wp-content\/uploads\/2017\/05\/minimalista-piso-uniforme.jpg 620w, https:\/\/www.dabusarquitetura.com.br\/blog\/wp-content\/uploads\/2017\/05\/minimalista-piso-uniforme-300x193.jpg 300w\" sizes=\"(max-width: 620px) 100vw, 620px\" \/><\/p>\n<p style=\"text-align: center;\"><a href=\"https:\/\/officesnapshots.com\/2017\/05\/08\/astrazeneca-offices-sydney\/\" target=\"_blank\">Projeto de FutureSpace<\/a>.<\/p>\n<h3><strong>Tonalidades neutras<\/strong><\/h3>\n<div style=\"text-align: justify;\">Cores como branco, cinza, preto, bege e marrom proporcionam uma ambienta\u00e7\u00e3o serena, livre de muitos est\u00edmulos. A composi\u00e7\u00e3o com essas tonalidades <strong>amplia<\/strong>\u00a0<strong>tamb\u00e9m o espa\u00e7o<\/strong>, que se torna mais agrad\u00e1vel ao acolher os ocupantes.<\/div>\n<div>\n<p style=\"text-align: center;\"><img decoding=\"async\" loading=\"lazy\" class=\"aligncenter size-full wp-image-13162\" title=\"Projeto DABUS ARQUITETURA\" src=\"http:\/\/www.dabus.com.br\/blog\/wp-content\/uploads\/2017\/05\/minimalista-cores-neutras.jpg\" alt=\"minimalista-cores-neutras\" width=\"620\" height=\"400\" srcset=\"https:\/\/www.dabusarquitetura.com.br\/blog\/wp-content\/uploads\/2017\/05\/minimalista-cores-neutras.jpg 620w, https:\/\/www.dabusarquitetura.com.br\/blog\/wp-content\/uploads\/2017\/05\/minimalista-cores-neutras-300x193.jpg 300w\" sizes=\"(max-width: 620px) 100vw, 620px\" \/><\/p>\n<p style=\"text-align: center;\"><a href=\"http:\/\/www.dabus.com.br\/site\/arquitetura-corporativa\/projeto-abf-sede.html\" target=\"_blank\">Projeto da DABUS ARQUITETURA para a\u00a0Associa\u00e7\u00e3o Brasileira de Franchising (ABF)<\/a>.<\/p>\n<\/div>\n<p><strong>Veja tamb\u00e9m:<\/strong><\/p>\n<p><a href=\"http:\/\/www.dabus.com.br\/blog\/2016\/07\/presenca-branco-arquitetura-corporativa-caracteristicas-aplicacoes\/\" target=\"_blank\">+\u00a0A presen\u00e7a do branco na Arquitetura Corporativa: Caracter\u00edsticas e aplica\u00e7\u00f5es<\/a><\/p>\n<p><a href=\"http:\/\/www.dabus.com.br\/blog\/2013\/02\/arquitetura-corporativa-em-estilo-minimalista\/\" target=\"_blank\">+\u00a0Arquitetura Corporativa em estilo minimalista<\/a><\/p>\n<p><a href=\"http:\/\/www.dabus.com.br\/blog\/2014\/11\/fachadas-corporativas-em-estilo-minimalista\/\" target=\"_blank\">+\u00a0Fachadas corporativas em estilo minimalista<\/a><\/p>\n<p>Seu espa\u00e7o possui limita\u00e7\u00f5es quanto ao tamanho? N\u00e3o se preocupe! A equipe da <strong>DABUS ARQUITETURA\u00a0<\/strong>estuda e encontra as melhores solu\u00e7\u00f5es para otimiz\u00e1-lo.\u00a0<strong><a title=\"Clique aqui!\" href=\"http:\/\/www.dabus.com.br\/blog\/fale-conosco\/\">Entre em contato<\/a><\/strong>\u00a0conosco e saiba mais!<\/p>\n","protected":false},"excerpt":{"rendered":"<p>Simples, mas n\u00e3o simplista, o minimalismo na Arquitetura se destaca por seus tra\u00e7os retos, formas depuradas, geometriza\u00e7\u00e3o, paleta de cores neutras e um interessante senso [&hellip;]<\/p>\n","protected":false},"author":3,"featured_media":0,"comment_status":"open","ping_status":"open","sticky":false,"template":"","format":"standard","meta":[],"categories":[12],"tags":[],"yoast_head":"<!-- This site is optimized with the Yoast SEO plugin v20.8 - https:\/\/yoast.com\/wordpress\/plugins\/seo\/ -->\n<title>O estilo minimalista como estrat\u00e9gia de otimiza\u00e7\u00e3o de pequenos espa\u00e7os - DABUS ARQUITETURA<\/title>\n<meta name=\"robots\" content=\"index, follow, max-snippet:-1, max-image-preview:large, max-video-preview:-1\" \/>\n<link rel=\"canonical\" href=\"https:\/\/www.dabusarquitetura.com.br\/blog\/o-estilo-minimalista-como-estrategia-otimizacao-espacos-pequenos\/\" \/>\n<meta property=\"og:locale\" content=\"pt_BR\" \/>\n<meta property=\"og:type\" content=\"article\" \/>\n<meta property=\"og:title\" content=\"O estilo minimalista como estrat\u00e9gia de otimiza\u00e7\u00e3o de pequenos espa\u00e7os - DABUS ARQUITETURA\" \/>\n<meta property=\"og:description\" content=\"Simples, mas n\u00e3o simplista, o minimalismo na Arquitetura se destaca por seus tra\u00e7os retos, formas depuradas, geometriza\u00e7\u00e3o, paleta de cores neutras e um interessante senso [&hellip;]\" \/>\n<meta property=\"og:url\" content=\"https:\/\/www.dabusarquitetura.com.br\/blog\/o-estilo-minimalista-como-estrategia-otimizacao-espacos-pequenos\/\" \/>\n<meta property=\"og:site_name\" content=\"DABUS ARQUITETURA\" \/>\n<meta property=\"article:published_time\" content=\"2017-05-18T10:00:55+00:00\" \/>\n<meta property=\"article:modified_time\" content=\"2017-05-18T02:57:46+00:00\" \/>\n<meta property=\"og:image\" content=\"http:\/\/www.dabus.com.br\/blog\/wp-content\/uploads\/2017\/05\/minimalista-moveis-planejados.jpg\" \/>\n<meta name=\"author\" content=\"heloisa.dabus\" \/>\n<meta name=\"twitter:card\" content=\"summary_large_image\" \/>\n<meta name=\"twitter:label1\" content=\"Escrito por\" \/>\n\t<meta name=\"twitter:data1\" content=\"heloisa.dabus\" \/>\n\t<meta name=\"twitter:label2\" content=\"Est. tempo de leitura\" \/>\n\t<meta name=\"twitter:data2\" content=\"2 minutos\" \/>\n<script type=\"application\/ld+json\" class=\"yoast-schema-graph\">{\"@context\":\"https:\/\/schema.org\",\"@graph\":[{\"@type\":\"WebPage\",\"@id\":\"https:\/\/www.dabusarquitetura.com.br\/blog\/o-estilo-minimalista-como-estrategia-otimizacao-espacos-pequenos\/\",\"url\":\"https:\/\/www.dabusarquitetura.com.br\/blog\/o-estilo-minimalista-como-estrategia-otimizacao-espacos-pequenos\/\",\"name\":\"O estilo minimalista como estrat\u00e9gia de otimiza\u00e7\u00e3o de pequenos espa\u00e7os - DABUS ARQUITETURA\",\"isPartOf\":{\"@id\":\"https:\/\/www.dabusarquitetura.com.br\/blog\/#website\"},\"datePublished\":\"2017-05-18T10:00:55+00:00\",\"dateModified\":\"2017-05-18T02:57:46+00:00\",\"author\":{\"@id\":\"https:\/\/www.dabusarquitetura.com.br\/blog\/#\/schema\/person\/978b78d74759412a1cd43634996237c4\"},\"breadcrumb\":{\"@id\":\"https:\/\/www.dabusarquitetura.com.br\/blog\/o-estilo-minimalista-como-estrategia-otimizacao-espacos-pequenos\/#breadcrumb\"},\"inLanguage\":\"pt-BR\",\"potentialAction\":[{\"@type\":\"ReadAction\",\"target\":[\"https:\/\/www.dabusarquitetura.com.br\/blog\/o-estilo-minimalista-como-estrategia-otimizacao-espacos-pequenos\/\"]}]},{\"@type\":\"BreadcrumbList\",\"@id\":\"https:\/\/www.dabusarquitetura.com.br\/blog\/o-estilo-minimalista-como-estrategia-otimizacao-espacos-pequenos\/#breadcrumb\",\"itemListElement\":[{\"@type\":\"ListItem\",\"position\":1,\"name\":\"In\u00edcio\",\"item\":\"https:\/\/www.dabusarquitetura.com.br\/blog\/\"},{\"@type\":\"ListItem\",\"position\":2,\"name\":\"O estilo minimalista como estrat\u00e9gia de otimiza\u00e7\u00e3o de pequenos espa\u00e7os\"}]},{\"@type\":\"WebSite\",\"@id\":\"https:\/\/www.dabusarquitetura.com.br\/blog\/#website\",\"url\":\"https:\/\/www.dabusarquitetura.com.br\/blog\/\",\"name\":\"DABUS ARQUITETURA\",\"description\":\"Arquitetura Corporativa\",\"potentialAction\":[{\"@type\":\"SearchAction\",\"target\":{\"@type\":\"EntryPoint\",\"urlTemplate\":\"https:\/\/www.dabusarquitetura.com.br\/blog\/?s={search_term_string}\"},\"query-input\":\"required name=search_term_string\"}],\"inLanguage\":\"pt-BR\"},{\"@type\":\"Person\",\"@id\":\"https:\/\/www.dabusarquitetura.com.br\/blog\/#\/schema\/person\/978b78d74759412a1cd43634996237c4\",\"name\":\"heloisa.dabus\",\"image\":{\"@type\":\"ImageObject\",\"inLanguage\":\"pt-BR\",\"@id\":\"https:\/\/www.dabusarquitetura.com.br\/blog\/#\/schema\/person\/image\/\",\"url\":\"https:\/\/secure.gravatar.com\/avatar\/4078f4f8e54fb70a99a5e9edc642ecb1?s=96&d=mm&r=g\",\"contentUrl\":\"https:\/\/secure.gravatar.com\/avatar\/4078f4f8e54fb70a99a5e9edc642ecb1?s=96&d=mm&r=g\",\"caption\":\"heloisa.dabus\"},\"url\":\"https:\/\/www.dabusarquitetura.com.br\/blog\/author\/heloisa-dabus\/\"}]}<\/script>\n<!-- \/ Yoast SEO plugin. -->","yoast_head_json":{"title":"O estilo minimalista como estrat\u00e9gia de otimiza\u00e7\u00e3o de pequenos espa\u00e7os - DABUS ARQUITETURA","robots":{"index":"index","follow":"follow","max-snippet":"max-snippet:-1","max-image-preview":"max-image-preview:large","max-video-preview":"max-video-preview:-1"},"canonical":"https:\/\/www.dabusarquitetura.com.br\/blog\/o-estilo-minimalista-como-estrategia-otimizacao-espacos-pequenos\/","og_locale":"pt_BR","og_type":"article","og_title":"O estilo minimalista como estrat\u00e9gia de otimiza\u00e7\u00e3o de pequenos espa\u00e7os - DABUS ARQUITETURA","og_description":"Simples, mas n\u00e3o simplista, o minimalismo na Arquitetura se destaca por seus tra\u00e7os retos, formas depuradas, geometriza\u00e7\u00e3o, paleta de cores neutras e um interessante senso [&hellip;]","og_url":"https:\/\/www.dabusarquitetura.com.br\/blog\/o-estilo-minimalista-como-estrategia-otimizacao-espacos-pequenos\/","og_site_name":"DABUS ARQUITETURA","article_published_time":"2017-05-18T10:00:55+00:00","article_modified_time":"2017-05-18T02:57:46+00:00","og_image":[{"url":"http:\/\/www.dabus.com.br\/blog\/wp-content\/uploads\/2017\/05\/minimalista-moveis-planejados.jpg"}],"author":"heloisa.dabus","twitter_card":"summary_large_image","twitter_misc":{"Escrito por":"heloisa.dabus","Est. tempo de leitura":"2 minutos"},"schema":{"@context":"https:\/\/schema.org","@graph":[{"@type":"WebPage","@id":"https:\/\/www.dabusarquitetura.com.br\/blog\/o-estilo-minimalista-como-estrategia-otimizacao-espacos-pequenos\/","url":"https:\/\/www.dabusarquitetura.com.br\/blog\/o-estilo-minimalista-como-estrategia-otimizacao-espacos-pequenos\/","name":"O estilo minimalista como estrat\u00e9gia de otimiza\u00e7\u00e3o de pequenos espa\u00e7os - DABUS ARQUITETURA","isPartOf":{"@id":"https:\/\/www.dabusarquitetura.com.br\/blog\/#website"},"datePublished":"2017-05-18T10:00:55+00:00","dateModified":"2017-05-18T02:57:46+00:00","author":{"@id":"https:\/\/www.dabusarquitetura.com.br\/blog\/#\/schema\/person\/978b78d74759412a1cd43634996237c4"},"breadcrumb":{"@id":"https:\/\/www.dabusarquitetura.com.br\/blog\/o-estilo-minimalista-como-estrategia-otimizacao-espacos-pequenos\/#breadcrumb"},"inLanguage":"pt-BR","potentialAction":[{"@type":"ReadAction","target":["https:\/\/www.dabusarquitetura.com.br\/blog\/o-estilo-minimalista-como-estrategia-otimizacao-espacos-pequenos\/"]}]},{"@type":"BreadcrumbList","@id":"https:\/\/www.dabusarquitetura.com.br\/blog\/o-estilo-minimalista-como-estrategia-otimizacao-espacos-pequenos\/#breadcrumb","itemListElement":[{"@type":"ListItem","position":1,"name":"In\u00edcio","item":"https:\/\/www.dabusarquitetura.com.br\/blog\/"},{"@type":"ListItem","position":2,"name":"O estilo minimalista como estrat\u00e9gia de otimiza\u00e7\u00e3o de pequenos espa\u00e7os"}]},{"@type":"WebSite","@id":"https:\/\/www.dabusarquitetura.com.br\/blog\/#website","url":"https:\/\/www.dabusarquitetura.com.br\/blog\/","name":"DABUS ARQUITETURA","description":"Arquitetura Corporativa","potentialAction":[{"@type":"SearchAction","target":{"@type":"EntryPoint","urlTemplate":"https:\/\/www.dabusarquitetura.com.br\/blog\/?s={search_term_string}"},"query-input":"required name=search_term_string"}],"inLanguage":"pt-BR"},{"@type":"Person","@id":"https:\/\/www.dabusarquitetura.com.br\/blog\/#\/schema\/person\/978b78d74759412a1cd43634996237c4","name":"heloisa.dabus","image":{"@type":"ImageObject","inLanguage":"pt-BR","@id":"https:\/\/www.dabusarquitetura.com.br\/blog\/#\/schema\/person\/image\/","url":"https:\/\/secure.gravatar.com\/avatar\/4078f4f8e54fb70a99a5e9edc642ecb1?s=96&d=mm&r=g","contentUrl":"https:\/\/secure.gravatar.com\/avatar\/4078f4f8e54fb70a99a5e9edc642ecb1?s=96&d=mm&r=g","caption":"heloisa.dabus"},"url":"https:\/\/www.dabusarquitetura.com.br\/blog\/author\/heloisa-dabus\/"}]}},"_links":{"self":[{"href":"https:\/\/www.dabusarquitetura.com.br\/blog\/wp-json\/wp\/v2\/posts\/13134"}],"collection":[{"href":"https:\/\/www.dabusarquitetura.com.br\/blog\/wp-json\/wp\/v2\/posts"}],"about":[{"href":"https:\/\/www.dabusarquitetura.com.br\/blog\/wp-json\/wp\/v2\/types\/post"}],"author":[{"embeddable":true,"href":"https:\/\/www.dabusarquitetura.com.br\/blog\/wp-json\/wp\/v2\/users\/3"}],"replies":[{"embeddable":true,"href":"https:\/\/www.dabusarquitetura.com.br\/blog\/wp-json\/wp\/v2\/comments?post=13134"}],"version-history":[{"count":0,"href":"https:\/\/www.dabusarquitetura.com.br\/blog\/wp-json\/wp\/v2\/posts\/13134\/revisions"}],"wp:attachment":[{"href":"https:\/\/www.dabusarquitetura.com.br\/blog\/wp-json\/wp\/v2\/media?parent=13134"}],"wp:term":[{"taxonomy":"category","embeddable":true,"href":"https:\/\/www.dabusarquitetura.com.br\/blog\/wp-json\/wp\/v2\/categories?post=13134"},{"taxonomy":"post_tag","embeddable":true,"href":"https:\/\/www.dabusarquitetura.com.br\/blog\/wp-json\/wp\/v2\/tags?post=13134"}],"curies":[{"name":"wp","href":"https:\/\/api.w.org\/{rel}","templated":true}]}}