{"id":1294,"date":"2010-09-22T10:00:09","date_gmt":"2010-09-22T10:00:09","guid":{"rendered":"http:\/\/www.dabus.com.br\/blog\/?p=1294"},"modified":"2022-07-25T20:13:05","modified_gmt":"2022-07-25T17:13:05","slug":"projetos-de-arquitetura-feitos-sob-medida","status":"publish","type":"post","link":"https:\/\/www.dabusarquitetura.com.br\/blog\/projetos-de-arquitetura-feitos-sob-medida\/","title":{"rendered":"Projetos de Arquitetura feitos sob medida"},"content":{"rendered":"<p>Vivemos em uma <strong>realidade globalizada, <\/strong>onde a <strong>personaliza\u00e7\u00e3o e a diversidade<\/strong> est\u00e3o cada vez mais em foco, seja na Moda, na Gastronomia, nas Comunica\u00e7\u00f5es Sociais, na <strong>Arquitetura&#8230; <\/strong><\/p>\n<p>Aproveitando o acesso \u00e0 informa\u00e7\u00e3o, tecnologias, materiais, conceitos, entre outros elementos que circulam no mundo, a tend\u00eancia \u00e9 criar solu\u00e7\u00f5es focadas em um <em>market share<\/em>, individualizando necessidades e valores para oferecer <strong>servi\u00e7os completos e inovadores.<br \/>\n<\/strong><\/p>\n<p>Este \u00e9 o objetivo da <strong>DABUS ARQUITETURA<\/strong> que <strong>h\u00e1 22 anos<\/strong> vem atendendo a diversos segmentos, trabalhando com sucesso para tornar cada projeto <strong>\u00fanico, criativo, funcional e de extremo bom gosto.<\/strong><\/p>\n<p>Tudo o que fazemos \u00e9 cuidadosamente estudado, feito sob medida para que possamos<strong> associar as mais modernas tecnologias \u00e0 execu\u00e7\u00e3o, prazo e custo final.<\/strong><\/p>\n<h3><strong>Conhe\u00e7a melhor os nossos projetos<\/strong> de Arquitetura<\/h3>\n<p>Em nosso <strong>SITE <\/strong>h\u00e1 uma \u00e1rea criada especialmente para voc\u00ea, onde pode conferir alguns de nossos<strong> projetos arquitet\u00f4nicos<\/strong> desenvolvidos ao longo desses anos.<\/p>\n<p>Para conhec\u00ea-los <strong>clique nas imagens a seguir.<\/strong> Acima de cada p\u00e1gina disponibilizamos alguns de nossos projetos. <strong>Clique, confira e inspire-se!<\/strong><\/p>\n<p><a title=\"Clique Aqui!\" href=\"http:\/\/www.dabusarquitetura.com.br\/site\/arquitetura-corporativa\" target=\"_blank\" rel=\"noopener noreferrer\"><strong>Arquitetura Corporativa<\/strong><\/a><\/p>\n<p><a title=\"Clique Aqui!\" href=\"http:\/\/www.dabusarquitetura.com.br\/site\/arquitetura-corporativa\" target=\"_blank\" rel=\"noopener noreferrer\"><img decoding=\"async\" loading=\"lazy\" class=\"alignnone size-full wp-image-1353\" title=\"Dabus Arquitetura - Projetos de Arquitetura Corporativa\" src=\"http:\/\/www.dabusarquitetura.com.br\/blog\/wp-content\/uploads\/2010\/09\/Dabus-Arquitetura-Projetos-de-Arquitetura-Corporativa1.bmp\" alt=\"\" width=\"417\" height=\"102\"><\/a><\/p>\n<p><a title=\"Clique Aqui!\" href=\"http:\/\/www.dabusarquitetura.com.br\/site\/arquitetura-comercial\" target=\"_blank\" rel=\"noopener noreferrer\"><strong>Arquitetura Comercial<\/strong><\/a><\/p>\n<p><a title=\"Clique aqui\" href=\"http:\/\/www.dabusarquitetura.com.br\/site\/arquitetura-comercial\" target=\"_blank\" rel=\"noopener noreferrer\"><img decoding=\"async\" loading=\"lazy\" class=\"alignnone size-full wp-image-1318\" title=\"Dabus Arquitetura - Projetos de Arquitetura Comercial\" src=\"http:\/\/www.dabusarquitetura.com.br\/blog\/wp-content\/uploads\/2010\/09\/Dabus-Arquitetura-Projetos-de-Arquitetura-Comercial.bmp\" alt=\"\" width=\"417\" height=\"103\"><\/a><\/p>\n<p><a title=\"Clique Aqui!\" href=\"http:\/\/www.dabusarquitetura.com.br\/site\/arquitetura-especializada\" target=\"_blank\" rel=\"noopener noreferrer\"><strong>Arquitetura Especializada<\/strong><\/a><\/p>\n<p><a title=\"Clique aqui\" href=\"http:\/\/www.dabusarquitetura.com.br\/site\/arquitetura-especializada\" target=\"_blank\" rel=\"noopener noreferrer\"><img decoding=\"async\" loading=\"lazy\" class=\"alignnone size-full wp-image-1320\" title=\"Dabus Arquitetura - Projetos de Arquitetura Especializada\" src=\"http:\/\/www.dabusarquitetura.com.br\/blog\/wp-content\/uploads\/2010\/09\/Dabus-Arquitetura-Projetos-de-Arquitetura-Especializada.bmp\" alt=\"\" width=\"418\" height=\"103\"><\/a><\/p>\n<p><a title=\"Clique Aqui!\" href=\"http:\/\/www.dabusarquitetura.com.br\/site\/arquitetura-franquias\" target=\"_blank\" rel=\"noopener noreferrer\"><strong>Arquitetura de Franquias<\/strong><\/a><\/p>\n<p><a title=\"Clique aqui\" href=\"http:\/\/www.dabusarquitetura.com.br\/site\/arquitetura-franquias\" target=\"_blank\" rel=\"noopener noreferrer\"><img decoding=\"async\" loading=\"lazy\" class=\"alignnone size-full wp-image-1321\" title=\"Dabus Arquitetura - Projetos de Arquitetura de Franquias\" src=\"http:\/\/www.dabusarquitetura.com.br\/blog\/wp-content\/uploads\/2010\/09\/Dabus-Arquitetura-Projetos-de-Arquitetura-de-Franquias.bmp\" alt=\"\" width=\"421\" height=\"104\"><\/a><\/p>\n<p><a title=\"Clique Aqui!\" href=\"http:\/\/www.dabusarquitetura.com.br\/site\/arquitetura-residencial\" target=\"_blank\" rel=\"noopener noreferrer\"><strong>Arquitetura Residencial<\/strong><\/a><\/p>\n<p><a title=\"Clique aqui\" href=\"http:\/\/www.dabusarquitetura.com.br\/site\/arquitetura-residencial\" target=\"_blank\" rel=\"noopener noreferrer\"><img decoding=\"async\" loading=\"lazy\" class=\"alignnone size-full wp-image-1323\" title=\"Dabus Arquitetura - Projetos de Arquitetura de Residencial\" src=\"http:\/\/www.dabusarquitetura.com.br\/blog\/wp-content\/uploads\/2010\/09\/Dabus-Arquitetura-Projetos-de-Arquitetura-de-Residencial.bmp\" alt=\"\" width=\"422\" height=\"105\"><\/a><\/p>\n<p><a title=\"Clique aqui\" href=\"http:\/\/www.dabusarquitetura.com.br\/blog\/fale-conosco\/\" target=\"_self\" rel=\"noopener noreferrer\"><strong>Entre em contato conosco<\/strong><\/a> e saiba como a <strong>DABUS ARQUITETURA<\/strong> pode desenvolver o seu <strong>projeto de Arquitetura!<\/strong><\/p>\n","protected":false},"excerpt":{"rendered":"<p>Vivemos em uma realidade globalizada, onde a personaliza\u00e7\u00e3o e a diversidade est\u00e3o cada vez mais em foco, seja na Moda, na Gastronomia, nas Comunica\u00e7\u00f5es Sociais, [&hellip;]<\/p>\n","protected":false},"author":3,"featured_media":0,"comment_status":"open","ping_status":"open","sticky":false,"template":"","format":"standard","meta":[],"categories":[93],"tags":[97,273,102,64,100,94,101,96,99,98,95],"yoast_head":"<!-- This site is optimized with the Yoast SEO plugin v20.8 - https:\/\/yoast.com\/wordpress\/plugins\/seo\/ -->\n<title>Projetos de Arquitetura feitos sob medida - DABUS ARQUITETURA<\/title>\n<meta name=\"robots\" content=\"index, follow, max-snippet:-1, max-image-preview:large, max-video-preview:-1\" \/>\n<link rel=\"canonical\" href=\"https:\/\/www.dabusarquitetura.com.br\/blog\/projetos-de-arquitetura-feitos-sob-medida\/\" \/>\n<meta property=\"og:locale\" content=\"pt_BR\" \/>\n<meta property=\"og:type\" content=\"article\" \/>\n<meta property=\"og:title\" content=\"Projetos de Arquitetura feitos sob medida - DABUS ARQUITETURA\" \/>\n<meta property=\"og:description\" content=\"Vivemos em uma realidade globalizada, onde a personaliza\u00e7\u00e3o e a diversidade est\u00e3o cada vez mais em foco, seja na Moda, na Gastronomia, nas Comunica\u00e7\u00f5es Sociais, [&hellip;]\" \/>\n<meta property=\"og:url\" content=\"https:\/\/www.dabusarquitetura.com.br\/blog\/projetos-de-arquitetura-feitos-sob-medida\/\" \/>\n<meta property=\"og:site_name\" content=\"DABUS ARQUITETURA\" \/>\n<meta property=\"article:published_time\" content=\"2010-09-22T10:00:09+00:00\" \/>\n<meta property=\"article:modified_time\" content=\"2022-07-25T17:13:05+00:00\" \/>\n<meta property=\"og:image\" content=\"http:\/\/www.dabusarquitetura.com.br\/blog\/wp-content\/uploads\/2010\/09\/Dabus-Arquitetura-Projetos-de-Arquitetura-Corporativa1.bmp\" \/>\n<meta name=\"author\" content=\"heloisa.dabus\" \/>\n<meta name=\"twitter:card\" content=\"summary_large_image\" \/>\n<meta name=\"twitter:label1\" content=\"Escrito por\" \/>\n\t<meta name=\"twitter:data1\" content=\"heloisa.dabus\" \/>\n\t<meta name=\"twitter:label2\" content=\"Est. tempo de leitura\" \/>\n\t<meta name=\"twitter:data2\" content=\"1 minuto\" \/>\n<script type=\"application\/ld+json\" class=\"yoast-schema-graph\">{\"@context\":\"https:\/\/schema.org\",\"@graph\":[{\"@type\":\"WebPage\",\"@id\":\"https:\/\/www.dabusarquitetura.com.br\/blog\/projetos-de-arquitetura-feitos-sob-medida\/\",\"url\":\"https:\/\/www.dabusarquitetura.com.br\/blog\/projetos-de-arquitetura-feitos-sob-medida\/\",\"name\":\"Projetos de Arquitetura feitos sob medida - DABUS ARQUITETURA\",\"isPartOf\":{\"@id\":\"https:\/\/www.dabusarquitetura.com.br\/blog\/#website\"},\"datePublished\":\"2010-09-22T10:00:09+00:00\",\"dateModified\":\"2022-07-25T17:13:05+00:00\",\"author\":{\"@id\":\"https:\/\/www.dabusarquitetura.com.br\/blog\/#\/schema\/person\/978b78d74759412a1cd43634996237c4\"},\"breadcrumb\":{\"@id\":\"https:\/\/www.dabusarquitetura.com.br\/blog\/projetos-de-arquitetura-feitos-sob-medida\/#breadcrumb\"},\"inLanguage\":\"pt-BR\",\"potentialAction\":[{\"@type\":\"ReadAction\",\"target\":[\"https:\/\/www.dabusarquitetura.com.br\/blog\/projetos-de-arquitetura-feitos-sob-medida\/\"]}]},{\"@type\":\"BreadcrumbList\",\"@id\":\"https:\/\/www.dabusarquitetura.com.br\/blog\/projetos-de-arquitetura-feitos-sob-medida\/#breadcrumb\",\"itemListElement\":[{\"@type\":\"ListItem\",\"position\":1,\"name\":\"In\u00edcio\",\"item\":\"https:\/\/www.dabusarquitetura.com.br\/blog\/\"},{\"@type\":\"ListItem\",\"position\":2,\"name\":\"Projetos de Arquitetura feitos sob medida\"}]},{\"@type\":\"WebSite\",\"@id\":\"https:\/\/www.dabusarquitetura.com.br\/blog\/#website\",\"url\":\"https:\/\/www.dabusarquitetura.com.br\/blog\/\",\"name\":\"DABUS ARQUITETURA\",\"description\":\"Arquitetura Corporativa\",\"potentialAction\":[{\"@type\":\"SearchAction\",\"target\":{\"@type\":\"EntryPoint\",\"urlTemplate\":\"https:\/\/www.dabusarquitetura.com.br\/blog\/?s={search_term_string}\"},\"query-input\":\"required name=search_term_string\"}],\"inLanguage\":\"pt-BR\"},{\"@type\":\"Person\",\"@id\":\"https:\/\/www.dabusarquitetura.com.br\/blog\/#\/schema\/person\/978b78d74759412a1cd43634996237c4\",\"name\":\"heloisa.dabus\",\"image\":{\"@type\":\"ImageObject\",\"inLanguage\":\"pt-BR\",\"@id\":\"https:\/\/www.dabusarquitetura.com.br\/blog\/#\/schema\/person\/image\/\",\"url\":\"https:\/\/secure.gravatar.com\/avatar\/4078f4f8e54fb70a99a5e9edc642ecb1?s=96&d=mm&r=g\",\"contentUrl\":\"https:\/\/secure.gravatar.com\/avatar\/4078f4f8e54fb70a99a5e9edc642ecb1?s=96&d=mm&r=g\",\"caption\":\"heloisa.dabus\"},\"url\":\"https:\/\/www.dabusarquitetura.com.br\/blog\/author\/heloisa-dabus\/\"}]}<\/script>\n<!-- \/ Yoast SEO plugin. -->","yoast_head_json":{"title":"Projetos de Arquitetura feitos sob medida - DABUS ARQUITETURA","robots":{"index":"index","follow":"follow","max-snippet":"max-snippet:-1","max-image-preview":"max-image-preview:large","max-video-preview":"max-video-preview:-1"},"canonical":"https:\/\/www.dabusarquitetura.com.br\/blog\/projetos-de-arquitetura-feitos-sob-medida\/","og_locale":"pt_BR","og_type":"article","og_title":"Projetos de Arquitetura feitos sob medida - DABUS ARQUITETURA","og_description":"Vivemos em uma realidade globalizada, onde a personaliza\u00e7\u00e3o e a diversidade est\u00e3o cada vez mais em foco, seja na Moda, na Gastronomia, nas Comunica\u00e7\u00f5es Sociais, [&hellip;]","og_url":"https:\/\/www.dabusarquitetura.com.br\/blog\/projetos-de-arquitetura-feitos-sob-medida\/","og_site_name":"DABUS ARQUITETURA","article_published_time":"2010-09-22T10:00:09+00:00","article_modified_time":"2022-07-25T17:13:05+00:00","og_image":[{"url":"http:\/\/www.dabusarquitetura.com.br\/blog\/wp-content\/uploads\/2010\/09\/Dabus-Arquitetura-Projetos-de-Arquitetura-Corporativa1.bmp"}],"author":"heloisa.dabus","twitter_card":"summary_large_image","twitter_misc":{"Escrito por":"heloisa.dabus","Est. tempo de leitura":"1 minuto"},"schema":{"@context":"https:\/\/schema.org","@graph":[{"@type":"WebPage","@id":"https:\/\/www.dabusarquitetura.com.br\/blog\/projetos-de-arquitetura-feitos-sob-medida\/","url":"https:\/\/www.dabusarquitetura.com.br\/blog\/projetos-de-arquitetura-feitos-sob-medida\/","name":"Projetos de Arquitetura feitos sob medida - DABUS ARQUITETURA","isPartOf":{"@id":"https:\/\/www.dabusarquitetura.com.br\/blog\/#website"},"datePublished":"2010-09-22T10:00:09+00:00","dateModified":"2022-07-25T17:13:05+00:00","author":{"@id":"https:\/\/www.dabusarquitetura.com.br\/blog\/#\/schema\/person\/978b78d74759412a1cd43634996237c4"},"breadcrumb":{"@id":"https:\/\/www.dabusarquitetura.com.br\/blog\/projetos-de-arquitetura-feitos-sob-medida\/#breadcrumb"},"inLanguage":"pt-BR","potentialAction":[{"@type":"ReadAction","target":["https:\/\/www.dabusarquitetura.com.br\/blog\/projetos-de-arquitetura-feitos-sob-medida\/"]}]},{"@type":"BreadcrumbList","@id":"https:\/\/www.dabusarquitetura.com.br\/blog\/projetos-de-arquitetura-feitos-sob-medida\/#breadcrumb","itemListElement":[{"@type":"ListItem","position":1,"name":"In\u00edcio","item":"https:\/\/www.dabusarquitetura.com.br\/blog\/"},{"@type":"ListItem","position":2,"name":"Projetos de Arquitetura feitos sob medida"}]},{"@type":"WebSite","@id":"https:\/\/www.dabusarquitetura.com.br\/blog\/#website","url":"https:\/\/www.dabusarquitetura.com.br\/blog\/","name":"DABUS ARQUITETURA","description":"Arquitetura Corporativa","potentialAction":[{"@type":"SearchAction","target":{"@type":"EntryPoint","urlTemplate":"https:\/\/www.dabusarquitetura.com.br\/blog\/?s={search_term_string}"},"query-input":"required name=search_term_string"}],"inLanguage":"pt-BR"},{"@type":"Person","@id":"https:\/\/www.dabusarquitetura.com.br\/blog\/#\/schema\/person\/978b78d74759412a1cd43634996237c4","name":"heloisa.dabus","image":{"@type":"ImageObject","inLanguage":"pt-BR","@id":"https:\/\/www.dabusarquitetura.com.br\/blog\/#\/schema\/person\/image\/","url":"https:\/\/secure.gravatar.com\/avatar\/4078f4f8e54fb70a99a5e9edc642ecb1?s=96&d=mm&r=g","contentUrl":"https:\/\/secure.gravatar.com\/avatar\/4078f4f8e54fb70a99a5e9edc642ecb1?s=96&d=mm&r=g","caption":"heloisa.dabus"},"url":"https:\/\/www.dabusarquitetura.com.br\/blog\/author\/heloisa-dabus\/"}]}},"_links":{"self":[{"href":"https:\/\/www.dabusarquitetura.com.br\/blog\/wp-json\/wp\/v2\/posts\/1294"}],"collection":[{"href":"https:\/\/www.dabusarquitetura.com.br\/blog\/wp-json\/wp\/v2\/posts"}],"about":[{"href":"https:\/\/www.dabusarquitetura.com.br\/blog\/wp-json\/wp\/v2\/types\/post"}],"author":[{"embeddable":true,"href":"https:\/\/www.dabusarquitetura.com.br\/blog\/wp-json\/wp\/v2\/users\/3"}],"replies":[{"embeddable":true,"href":"https:\/\/www.dabusarquitetura.com.br\/blog\/wp-json\/wp\/v2\/comments?post=1294"}],"version-history":[{"count":1,"href":"https:\/\/www.dabusarquitetura.com.br\/blog\/wp-json\/wp\/v2\/posts\/1294\/revisions"}],"predecessor-version":[{"id":16151,"href":"https:\/\/www.dabusarquitetura.com.br\/blog\/wp-json\/wp\/v2\/posts\/1294\/revisions\/16151"}],"wp:attachment":[{"href":"https:\/\/www.dabusarquitetura.com.br\/blog\/wp-json\/wp\/v2\/media?parent=1294"}],"wp:term":[{"taxonomy":"category","embeddable":true,"href":"https:\/\/www.dabusarquitetura.com.br\/blog\/wp-json\/wp\/v2\/categories?post=1294"},{"taxonomy":"post_tag","embeddable":true,"href":"https:\/\/www.dabusarquitetura.com.br\/blog\/wp-json\/wp\/v2\/tags?post=1294"}],"curies":[{"name":"wp","href":"https:\/\/api.w.org\/{rel}","templated":true}]}}