{"id":12921,"date":"2017-03-01T10:00:26","date_gmt":"2017-03-01T10:00:26","guid":{"rendered":"http:\/\/www.dabus.com.br\/blog\/?p=12921"},"modified":"2017-03-01T01:59:41","modified_gmt":"2017-03-01T01:59:41","slug":"fortes-tendencias-para-arquitetura-2017","status":"publish","type":"post","link":"https:\/\/www.dabusarquitetura.com.br\/blog\/fortes-tendencias-para-arquitetura-2017\/","title":{"rendered":"5 fortes tend\u00eancias para a Arquitetura 2017"},"content":{"rendered":"<p style=\"text-align: justify;\">Um mundo de possibilidades se abre em todas as \u00e1reas. O ano est\u00e1 apenas come\u00e7ando, mas as expectativas com o que vem pela frente s\u00e3o grandes. Este \u00e9 o momento para ficar atento \u00e0s tend\u00eancias, principalmente ao que diz respeito \u00e0 <strong>Arquitetura<\/strong>, que tanto tem a oferecer em <em>design<\/em>, cores, <em>layouts<\/em>, padr\u00f5es e at\u00e9 comportamentos.<\/p>\n<p style=\"text-align: justify;\">Na <strong>paleta de cores<\/strong> aparecem tons mais alegres e coloridos para contrastar com o clima de tens\u00e3o sentido por muitas pessoas no atual cen\u00e1rio econ\u00f4mico. Quanto aos revestimentos, eles devem assegurar a perman\u00eancia da <strong>est\u00e9tica industrial<\/strong>, j\u00e1 h\u00e1 algum tempo presente nos projetos. Na <strong>Arquitetura Corporativa<\/strong>, espa\u00e7os humanizados e org\u00e2nicos seguem na tarefa de tornar o trabalho mais leve e produtivo.<\/p>\n<p style=\"text-align: justify;\">A seguir n\u00f3s relacionamos 5 fortes tend\u00eancias para a <strong>Arquitetura 2017<\/strong>. Fique por dentro!<\/p>\n<h2><strong>1. Greenery<\/strong><\/h2>\n<p style=\"text-align: justify;\">Com aspecto de folha nova, o <strong>Greenery<\/strong> \u00e9 a grande aposta para 2017 conforme a <a href=\"http:\/\/www.pantone.com\/pages\/pantone\/index.aspx\" target=\"_blank\"><strong>Pantone<\/strong><\/a>. A cor \u00e9 muito bem-vinda em ambientes urbanos que precisam de uma <strong>reconex\u00e3o com a natureza<\/strong>, com o verde. Em escrit\u00f3rios, a proposta cai como uma luva, pois proporciona <strong>leveza ao clima de produ\u00e7\u00e3o<\/strong>.<\/p>\n<p style=\"text-align: center;\"><img decoding=\"async\" loading=\"lazy\" class=\"aligncenter size-full wp-image-12989\" title=\"Imagem meramente ilustrativa\" src=\"http:\/\/www.dabus.com.br\/blog\/wp-content\/uploads\/2017\/02\/arquitetura-tendencias-greenery.jpg\" alt=\"arquitetura-tendencias-greenery\" width=\"620\" height=\"400\" srcset=\"https:\/\/www.dabusarquitetura.com.br\/blog\/wp-content\/uploads\/2017\/02\/arquitetura-tendencias-greenery.jpg 620w, https:\/\/www.dabusarquitetura.com.br\/blog\/wp-content\/uploads\/2017\/02\/arquitetura-tendencias-greenery-300x193.jpg 300w\" sizes=\"(max-width: 620px) 100vw, 620px\" \/><\/p>\n<p style=\"text-align: center;\"><span style=\"color: #999999;\"><span style=\"color: #888888;\"><a href=\"http:\/\/www.officelovin.com\/2016\/11\/28\/inside-playkots-new-sleek-st-petersburg-office\/\" target=\"_blank\"><span style=\"color: #888888;\">Projeto de BRIZ studio para a Playkot<\/span><\/a><\/span>.<br \/>\n<\/span><\/p>\n<h3><strong>2. Tijolinho aparente sem acabamento<br \/>\n<\/strong><\/h3>\n<p style=\"text-align: justify;\">Revestimentos sem acabamento trazem um <strong>estilo r\u00fastico<\/strong> e, ao mesmo tempo, remetem \u00e0 est\u00e9tica do <strong>ambiente industrial<\/strong>, onde quase tudo parece estar inacabado. Os tijolos aparentes entram nessa tend\u00eancia, oferecendo um espa\u00e7o moderno, sem deixar de ser acolhedor.<\/p>\n<p style=\"text-align: center;\"><img decoding=\"async\" loading=\"lazy\" class=\"aligncenter size-full wp-image-12977\" title=\"Imagem meramente ilustrativa\" src=\"http:\/\/www.dabus.com.br\/blog\/wp-content\/uploads\/2017\/02\/tendencia-arquitetura-tijolo-aparente.jpg\" alt=\"tendencia-arquitetura-tijolo-aparente\" width=\"620\" height=\"400\" srcset=\"https:\/\/www.dabusarquitetura.com.br\/blog\/wp-content\/uploads\/2017\/02\/tendencia-arquitetura-tijolo-aparente.jpg 620w, https:\/\/www.dabusarquitetura.com.br\/blog\/wp-content\/uploads\/2017\/02\/tendencia-arquitetura-tijolo-aparente-300x193.jpg 300w\" sizes=\"(max-width: 620px) 100vw, 620px\" \/><\/p>\n<p style=\"text-align: center;\"><span style=\"color: #999999;\"><a href=\"http:\/\/www.officelovin.com\/2016\/09\/13\/inside-look-medhelps-new-san-francisco-office\/\" target=\"_blank\"><span style=\"color: #999999;\">Projeto de A Design Lifestyle para a MedHelp<\/span><\/a><\/span>.<\/p>\n<h3><strong>3. Corti\u00e7a<\/strong><\/h3>\n<p style=\"text-align: justify;\">Outro revestimento que promete fazer sucesso \u00e9 a corti\u00e7a, que tamb\u00e9m entrega um <strong>aspecto natural e aconchegante<\/strong>. Ela pode estar em paredes inteiras, no mobili\u00e1rio ou mesmo nos detalhes da ambienta\u00e7\u00e3o. \u00c9 poss\u00edvel explorar diferentes aplica\u00e7\u00f5es com o material.<\/p>\n<p style=\"text-align: center;\"><img decoding=\"async\" loading=\"lazy\" class=\"aligncenter size-full wp-image-12981\" title=\"Imagem meramente ilustrativa\" src=\"http:\/\/www.dabus.com.br\/blog\/wp-content\/uploads\/2017\/02\/arquitetura-corporativa-tendencia-cortica.jpg\" alt=\"arquitetura-corporativa-tendencia-cortica\" width=\"620\" height=\"400\" srcset=\"https:\/\/www.dabusarquitetura.com.br\/blog\/wp-content\/uploads\/2017\/02\/arquitetura-corporativa-tendencia-cortica.jpg 620w, https:\/\/www.dabusarquitetura.com.br\/blog\/wp-content\/uploads\/2017\/02\/arquitetura-corporativa-tendencia-cortica-300x193.jpg 300w\" sizes=\"(max-width: 620px) 100vw, 620px\" \/><\/p>\n<p style=\"text-align: center;\"><span style=\"color: #888888;\">Imagens: Reprodu\u00e7\u00e3o\/Shutterstock.<\/span><\/p>\n<h3><strong>4. M\u00e1rmore<\/strong><\/h3>\n<p style=\"text-align: justify;\">O m\u00e1rmore vem para enriquecer projetos em que a sofistica\u00e7\u00e3o \u00e9 a palavra de ordem. Interessante apontar que tanto a pedra original, quanto <strong>pap\u00e9is de parede<\/strong> que a imitam podem ser aproveitados. Todavia, nesse caso, \u00e9 preciso garantir uma reprodu\u00e7\u00e3o fiel.<\/p>\n<p style=\"text-align: center;\"><img decoding=\"async\" loading=\"lazy\" class=\"aligncenter size-full wp-image-12984\" title=\"Imagem meramente ilustrativa\" src=\"http:\/\/www.dabus.com.br\/blog\/wp-content\/uploads\/2017\/02\/arquitetura-corporativa-tendencia-marmore.jpg\" alt=\"arquitetura-corporativa-tendencia-marmore\" width=\"620\" height=\"400\" srcset=\"https:\/\/www.dabusarquitetura.com.br\/blog\/wp-content\/uploads\/2017\/02\/arquitetura-corporativa-tendencia-marmore.jpg 620w, https:\/\/www.dabusarquitetura.com.br\/blog\/wp-content\/uploads\/2017\/02\/arquitetura-corporativa-tendencia-marmore-300x193.jpg 300w\" sizes=\"(max-width: 620px) 100vw, 620px\" \/><\/p>\n<p style=\"text-align: center;\"><span style=\"color: #888888;\"><a href=\"http:\/\/www.officelovin.com\/2014\/06\/02\/yammers-san-francisco-headquarters\/\" target=\"_blank\"><span style=\"color: #888888;\">Projeto de Skyline Construction para a Skyline Construction<\/span><\/a>.<\/span><\/p>\n<h3><strong>5. Ambienta\u00e7\u00e3o org\u00e2nica<br \/>\n<\/strong><\/h3>\n<p style=\"text-align: justify;\">Estabelecer uma <strong>conex\u00e3o com o espa\u00e7o externo<\/strong>, ou trazer a <strong>natureza para dentro<\/strong>, tem feito toda diferen\u00e7a para o conforto f\u00edsico e mental dos ocupantes. Essa \u00e9 uma tend\u00eancia que vem se fortalecendo e que em 2017 chega para ficar de vez. Materiais org\u00e2nicos, texturas cruas, plantas, jardins, ilumina\u00e7\u00e3o natural e outros elementos inalterados pelo homem se juntam para criar uma atmosfera mais relaxante, sobretudo na <strong>Arquitetura Corporativa<\/strong>.<\/p>\n<p style=\"text-align: center;\"><img decoding=\"async\" loading=\"lazy\" class=\"aligncenter size-full wp-image-12971\" title=\"Projeto DABUS ARQUITETURA\" src=\"http:\/\/www.dabus.com.br\/blog\/wp-content\/uploads\/2017\/02\/arquitetura-tendencia-organica.jpg\" alt=\"arquitetura-tendencia-organica\" width=\"620\" height=\"400\" srcset=\"https:\/\/www.dabusarquitetura.com.br\/blog\/wp-content\/uploads\/2017\/02\/arquitetura-tendencia-organica.jpg 620w, https:\/\/www.dabusarquitetura.com.br\/blog\/wp-content\/uploads\/2017\/02\/arquitetura-tendencia-organica-300x193.jpg 300w\" sizes=\"(max-width: 620px) 100vw, 620px\" \/><\/p>\n<p style=\"text-align: center;\"><span style=\"color: #999999;\">Projeto da DABUS ARQUITETURA para a\u00a0C&amp;A.<\/span><\/p>\n<p>Mais do que atentos \u00e0s tend\u00eancias, n\u00f3s da <strong>DABUS<\/strong> <strong>ARQUITETURA<\/strong> estamos preparados para desenvolver projetos personalizados as suas necessidades (\u00fanicas), ao seu segmento e ao seu neg\u00f3cio.<\/p>\n<p><strong><a title=\"Clique aqui!\" href=\"http:\/\/www.dabus.com.br\/blog\/fale-conosco\/\">Entre em contato<\/a><\/strong> conosco e sabia como podemos te ajudar!<\/p>\n","protected":false},"excerpt":{"rendered":"<p>Um mundo de possibilidades se abre em todas as \u00e1reas. O ano est\u00e1 apenas come\u00e7ando, mas as expectativas com o que vem pela frente s\u00e3o [&hellip;]<\/p>\n","protected":false},"author":3,"featured_media":0,"comment_status":"open","ping_status":"open","sticky":false,"template":"","format":"standard","meta":[],"categories":[49],"tags":[],"yoast_head":"<!-- This site is optimized with the Yoast SEO plugin v20.8 - https:\/\/yoast.com\/wordpress\/plugins\/seo\/ -->\n<title>5 fortes tend\u00eancias para a Arquitetura 2017 - DABUS ARQUITETURA<\/title>\n<meta name=\"robots\" content=\"index, follow, max-snippet:-1, max-image-preview:large, max-video-preview:-1\" \/>\n<link rel=\"canonical\" href=\"https:\/\/www.dabusarquitetura.com.br\/blog\/fortes-tendencias-para-arquitetura-2017\/\" \/>\n<meta property=\"og:locale\" content=\"pt_BR\" \/>\n<meta property=\"og:type\" content=\"article\" \/>\n<meta property=\"og:title\" content=\"5 fortes tend\u00eancias para a Arquitetura 2017 - DABUS ARQUITETURA\" \/>\n<meta property=\"og:description\" content=\"Um mundo de possibilidades se abre em todas as \u00e1reas. O ano est\u00e1 apenas come\u00e7ando, mas as expectativas com o que vem pela frente s\u00e3o [&hellip;]\" \/>\n<meta property=\"og:url\" content=\"https:\/\/www.dabusarquitetura.com.br\/blog\/fortes-tendencias-para-arquitetura-2017\/\" \/>\n<meta property=\"og:site_name\" content=\"DABUS ARQUITETURA\" \/>\n<meta property=\"article:published_time\" content=\"2017-03-01T10:00:26+00:00\" \/>\n<meta property=\"article:modified_time\" content=\"2017-03-01T01:59:41+00:00\" \/>\n<meta property=\"og:image\" content=\"http:\/\/www.dabus.com.br\/blog\/wp-content\/uploads\/2017\/02\/arquitetura-tendencias-greenery.jpg\" \/>\n<meta name=\"author\" content=\"heloisa.dabus\" \/>\n<meta name=\"twitter:card\" content=\"summary_large_image\" \/>\n<meta name=\"twitter:label1\" content=\"Escrito por\" \/>\n\t<meta name=\"twitter:data1\" content=\"heloisa.dabus\" \/>\n\t<meta name=\"twitter:label2\" content=\"Est. tempo de leitura\" \/>\n\t<meta name=\"twitter:data2\" content=\"2 minutos\" \/>\n<script type=\"application\/ld+json\" class=\"yoast-schema-graph\">{\"@context\":\"https:\/\/schema.org\",\"@graph\":[{\"@type\":\"WebPage\",\"@id\":\"https:\/\/www.dabusarquitetura.com.br\/blog\/fortes-tendencias-para-arquitetura-2017\/\",\"url\":\"https:\/\/www.dabusarquitetura.com.br\/blog\/fortes-tendencias-para-arquitetura-2017\/\",\"name\":\"5 fortes tend\u00eancias para a Arquitetura 2017 - DABUS ARQUITETURA\",\"isPartOf\":{\"@id\":\"https:\/\/www.dabusarquitetura.com.br\/blog\/#website\"},\"datePublished\":\"2017-03-01T10:00:26+00:00\",\"dateModified\":\"2017-03-01T01:59:41+00:00\",\"author\":{\"@id\":\"https:\/\/www.dabusarquitetura.com.br\/blog\/#\/schema\/person\/978b78d74759412a1cd43634996237c4\"},\"breadcrumb\":{\"@id\":\"https:\/\/www.dabusarquitetura.com.br\/blog\/fortes-tendencias-para-arquitetura-2017\/#breadcrumb\"},\"inLanguage\":\"pt-BR\",\"potentialAction\":[{\"@type\":\"ReadAction\",\"target\":[\"https:\/\/www.dabusarquitetura.com.br\/blog\/fortes-tendencias-para-arquitetura-2017\/\"]}]},{\"@type\":\"BreadcrumbList\",\"@id\":\"https:\/\/www.dabusarquitetura.com.br\/blog\/fortes-tendencias-para-arquitetura-2017\/#breadcrumb\",\"itemListElement\":[{\"@type\":\"ListItem\",\"position\":1,\"name\":\"In\u00edcio\",\"item\":\"https:\/\/www.dabusarquitetura.com.br\/blog\/\"},{\"@type\":\"ListItem\",\"position\":2,\"name\":\"5 fortes tend\u00eancias para a Arquitetura 2017\"}]},{\"@type\":\"WebSite\",\"@id\":\"https:\/\/www.dabusarquitetura.com.br\/blog\/#website\",\"url\":\"https:\/\/www.dabusarquitetura.com.br\/blog\/\",\"name\":\"DABUS ARQUITETURA\",\"description\":\"Arquitetura Corporativa\",\"potentialAction\":[{\"@type\":\"SearchAction\",\"target\":{\"@type\":\"EntryPoint\",\"urlTemplate\":\"https:\/\/www.dabusarquitetura.com.br\/blog\/?s={search_term_string}\"},\"query-input\":\"required name=search_term_string\"}],\"inLanguage\":\"pt-BR\"},{\"@type\":\"Person\",\"@id\":\"https:\/\/www.dabusarquitetura.com.br\/blog\/#\/schema\/person\/978b78d74759412a1cd43634996237c4\",\"name\":\"heloisa.dabus\",\"image\":{\"@type\":\"ImageObject\",\"inLanguage\":\"pt-BR\",\"@id\":\"https:\/\/www.dabusarquitetura.com.br\/blog\/#\/schema\/person\/image\/\",\"url\":\"https:\/\/secure.gravatar.com\/avatar\/4078f4f8e54fb70a99a5e9edc642ecb1?s=96&d=mm&r=g\",\"contentUrl\":\"https:\/\/secure.gravatar.com\/avatar\/4078f4f8e54fb70a99a5e9edc642ecb1?s=96&d=mm&r=g\",\"caption\":\"heloisa.dabus\"},\"url\":\"https:\/\/www.dabusarquitetura.com.br\/blog\/author\/heloisa-dabus\/\"}]}<\/script>\n<!-- \/ Yoast SEO plugin. -->","yoast_head_json":{"title":"5 fortes tend\u00eancias para a Arquitetura 2017 - DABUS ARQUITETURA","robots":{"index":"index","follow":"follow","max-snippet":"max-snippet:-1","max-image-preview":"max-image-preview:large","max-video-preview":"max-video-preview:-1"},"canonical":"https:\/\/www.dabusarquitetura.com.br\/blog\/fortes-tendencias-para-arquitetura-2017\/","og_locale":"pt_BR","og_type":"article","og_title":"5 fortes tend\u00eancias para a Arquitetura 2017 - DABUS ARQUITETURA","og_description":"Um mundo de possibilidades se abre em todas as \u00e1reas. O ano est\u00e1 apenas come\u00e7ando, mas as expectativas com o que vem pela frente s\u00e3o [&hellip;]","og_url":"https:\/\/www.dabusarquitetura.com.br\/blog\/fortes-tendencias-para-arquitetura-2017\/","og_site_name":"DABUS ARQUITETURA","article_published_time":"2017-03-01T10:00:26+00:00","article_modified_time":"2017-03-01T01:59:41+00:00","og_image":[{"url":"http:\/\/www.dabus.com.br\/blog\/wp-content\/uploads\/2017\/02\/arquitetura-tendencias-greenery.jpg"}],"author":"heloisa.dabus","twitter_card":"summary_large_image","twitter_misc":{"Escrito por":"heloisa.dabus","Est. tempo de leitura":"2 minutos"},"schema":{"@context":"https:\/\/schema.org","@graph":[{"@type":"WebPage","@id":"https:\/\/www.dabusarquitetura.com.br\/blog\/fortes-tendencias-para-arquitetura-2017\/","url":"https:\/\/www.dabusarquitetura.com.br\/blog\/fortes-tendencias-para-arquitetura-2017\/","name":"5 fortes tend\u00eancias para a Arquitetura 2017 - DABUS ARQUITETURA","isPartOf":{"@id":"https:\/\/www.dabusarquitetura.com.br\/blog\/#website"},"datePublished":"2017-03-01T10:00:26+00:00","dateModified":"2017-03-01T01:59:41+00:00","author":{"@id":"https:\/\/www.dabusarquitetura.com.br\/blog\/#\/schema\/person\/978b78d74759412a1cd43634996237c4"},"breadcrumb":{"@id":"https:\/\/www.dabusarquitetura.com.br\/blog\/fortes-tendencias-para-arquitetura-2017\/#breadcrumb"},"inLanguage":"pt-BR","potentialAction":[{"@type":"ReadAction","target":["https:\/\/www.dabusarquitetura.com.br\/blog\/fortes-tendencias-para-arquitetura-2017\/"]}]},{"@type":"BreadcrumbList","@id":"https:\/\/www.dabusarquitetura.com.br\/blog\/fortes-tendencias-para-arquitetura-2017\/#breadcrumb","itemListElement":[{"@type":"ListItem","position":1,"name":"In\u00edcio","item":"https:\/\/www.dabusarquitetura.com.br\/blog\/"},{"@type":"ListItem","position":2,"name":"5 fortes tend\u00eancias para a Arquitetura 2017"}]},{"@type":"WebSite","@id":"https:\/\/www.dabusarquitetura.com.br\/blog\/#website","url":"https:\/\/www.dabusarquitetura.com.br\/blog\/","name":"DABUS ARQUITETURA","description":"Arquitetura Corporativa","potentialAction":[{"@type":"SearchAction","target":{"@type":"EntryPoint","urlTemplate":"https:\/\/www.dabusarquitetura.com.br\/blog\/?s={search_term_string}"},"query-input":"required name=search_term_string"}],"inLanguage":"pt-BR"},{"@type":"Person","@id":"https:\/\/www.dabusarquitetura.com.br\/blog\/#\/schema\/person\/978b78d74759412a1cd43634996237c4","name":"heloisa.dabus","image":{"@type":"ImageObject","inLanguage":"pt-BR","@id":"https:\/\/www.dabusarquitetura.com.br\/blog\/#\/schema\/person\/image\/","url":"https:\/\/secure.gravatar.com\/avatar\/4078f4f8e54fb70a99a5e9edc642ecb1?s=96&d=mm&r=g","contentUrl":"https:\/\/secure.gravatar.com\/avatar\/4078f4f8e54fb70a99a5e9edc642ecb1?s=96&d=mm&r=g","caption":"heloisa.dabus"},"url":"https:\/\/www.dabusarquitetura.com.br\/blog\/author\/heloisa-dabus\/"}]}},"_links":{"self":[{"href":"https:\/\/www.dabusarquitetura.com.br\/blog\/wp-json\/wp\/v2\/posts\/12921"}],"collection":[{"href":"https:\/\/www.dabusarquitetura.com.br\/blog\/wp-json\/wp\/v2\/posts"}],"about":[{"href":"https:\/\/www.dabusarquitetura.com.br\/blog\/wp-json\/wp\/v2\/types\/post"}],"author":[{"embeddable":true,"href":"https:\/\/www.dabusarquitetura.com.br\/blog\/wp-json\/wp\/v2\/users\/3"}],"replies":[{"embeddable":true,"href":"https:\/\/www.dabusarquitetura.com.br\/blog\/wp-json\/wp\/v2\/comments?post=12921"}],"version-history":[{"count":0,"href":"https:\/\/www.dabusarquitetura.com.br\/blog\/wp-json\/wp\/v2\/posts\/12921\/revisions"}],"wp:attachment":[{"href":"https:\/\/www.dabusarquitetura.com.br\/blog\/wp-json\/wp\/v2\/media?parent=12921"}],"wp:term":[{"taxonomy":"category","embeddable":true,"href":"https:\/\/www.dabusarquitetura.com.br\/blog\/wp-json\/wp\/v2\/categories?post=12921"},{"taxonomy":"post_tag","embeddable":true,"href":"https:\/\/www.dabusarquitetura.com.br\/blog\/wp-json\/wp\/v2\/tags?post=12921"}],"curies":[{"name":"wp","href":"https:\/\/api.w.org\/{rel}","templated":true}]}}