{"id":12819,"date":"2017-02-01T12:14:52","date_gmt":"2017-02-01T12:14:52","guid":{"rendered":"http:\/\/www.dabus.com.br\/blog\/?p=12819"},"modified":"2017-02-01T12:14:52","modified_gmt":"2017-02-01T12:14:52","slug":"que-passou-que-vem-ai-blog-dabus-arquitetura","status":"publish","type":"post","link":"https:\/\/www.dabusarquitetura.com.br\/blog\/que-passou-que-vem-ai-blog-dabus-arquitetura\/","title":{"rendered":"O que passou e o que vem por a\u00ed no blog da DABUS ARQUITETURA"},"content":{"rendered":"<p style=\"text-align: justify;\">Os primeiros meses do ano funcionam ainda como uma esp\u00e9cie de ajuste ao novo tempo que vem pela frente. Esta \u00e9 a hora dos <strong>planejamentos<\/strong> (para os atrasados de plant\u00e3o), das contrata\u00e7\u00f5es, das metas, da expectativa&#8230; Para quem tem um neg\u00f3cio, sobretudo, o per\u00edodo \u00e9 de extrema relev\u00e2ncia.<\/p>\n<p style=\"text-align: justify;\">N\u00f3s da <strong>DABUS ARQUITETURA<\/strong> j\u00e1 fizemos os nossos planos e podemos adiantar que grandes novidades logo, logo ser\u00e3o vistas por a\u00ed &#8211; e por AQUI tamb\u00e9m! Novos conte\u00fados, novos projetos e muito mais do universo da <strong>Arquitetura<\/strong> para voc\u00ea.<\/p>\n<h2><strong>O que voc\u00ea perdeu<br \/>\n<\/strong><\/h2>\n<p style=\"text-align: justify;\">Conte\u00fado \u00e9 o que n\u00e3o falta em nossos canais de comunica\u00e7\u00e3o, principalmente no Blog. Tem uma s\u00e9rie de posts interessantes que podem ajudar voc\u00ea e o seu <strong>projeto de Arquitetura<\/strong>. Certamente h\u00e1 muitas dicas a serem aproveitadas.<\/p>\n<p style=\"text-align: justify;\">N\u00e3o \u00e9 preciso ir muito longe. Em 2016 n\u00f3s realizamos diversas publica\u00e7\u00f5es que valem a pena serem conferidas. Para voc\u00ea que perdeu, ou gostaria de rever, n\u00f3s selecionamos <strong>8 posts especiais<\/strong>.<\/p>\n<h3 style=\"text-align: justify;\"><strong>1. Como integrar equipamentos tecnol\u00f3gicos sem prejudicar a est\u00e9tica do escrit\u00f3rio<\/strong><\/h3>\n<p style=\"text-align: center;\"><a href=\"http:\/\/www.dabus.com.br\/blog\/2016\/04\/integrar-equipamentos-tecnologicos-sem-prejudicar-estetica-escritorio\/\" target=\"_blank\"><img decoding=\"async\" loading=\"lazy\" class=\"aligncenter size-full wp-image-12860\" title=\"Clique aqui\" src=\"http:\/\/www.dabus.com.br\/blog\/wp-content\/uploads\/2017\/01\/escritorio-equipamentos-tecnologicos.jpg\" alt=\"escritorio-equipamentos-tecnologicos\" width=\"600\" height=\"168\" srcset=\"https:\/\/www.dabusarquitetura.com.br\/blog\/wp-content\/uploads\/2017\/01\/escritorio-equipamentos-tecnologicos.jpg 600w, https:\/\/www.dabusarquitetura.com.br\/blog\/wp-content\/uploads\/2017\/01\/escritorio-equipamentos-tecnologicos-300x84.jpg 300w\" sizes=\"(max-width: 600px) 100vw, 600px\" \/><\/a><\/p>\n<blockquote>\n<p style=\"text-align: justify;\"><strong><a href=\"http:\/\/www.dabus.com.br\/blog\/2016\/04\/integrar-equipamentos-tecnologicos-sem-prejudicar-estetica-escritorio\/\" target=\"_blank\">Em todo e qualquer tipo de empresa equipamentos como computadores, impressoras, projetores e telefones s\u00e3o indispens\u00e1veis para garantir a alta produtividade do trabalho. Todos j\u00e1 est\u00e3o acostumados com essas tecnologias, o que n\u00e3o significa, por\u00e9m, que elas possam ser integradas de qualquer jeito dentro do escrit\u00f3rio.<\/a><\/strong><\/p>\n<\/blockquote>\n<h3><strong>2. Como organizar o escrit\u00f3rio? Conhe\u00e7a 3 modelos de layout<\/strong><\/h3>\n<p style=\"text-align: center;\"><a href=\"http:\/\/www.dabus.com.br\/blog\/2016\/05\/como-organizar-escritorio-conheca-modelos-layout\/\" target=\"_blank\"><img decoding=\"async\" loading=\"lazy\" class=\"aligncenter size-full wp-image-12850\" title=\"Clique aqui\" src=\"http:\/\/www.dabus.com.br\/blog\/wp-content\/uploads\/2017\/01\/modelo-layout.jpg\" alt=\"modelo-layout\" width=\"600\" height=\"168\" srcset=\"https:\/\/www.dabusarquitetura.com.br\/blog\/wp-content\/uploads\/2017\/01\/modelo-layout.jpg 600w, https:\/\/www.dabusarquitetura.com.br\/blog\/wp-content\/uploads\/2017\/01\/modelo-layout-300x84.jpg 300w\" sizes=\"(max-width: 600px) 100vw, 600px\" \/><\/a><\/p>\n<blockquote>\n<p style=\"text-align: justify;\"><strong><a href=\"http:\/\/www.dabus.com.br\/blog\/2016\/05\/como-organizar-escritorio-conheca-modelos-layout\/\" target=\"_blank\">Montar um escrit\u00f3rio implica necessariamente em prever como o ambiente ser\u00e1 organizado e disposto. H\u00e1 diversos modelos para atender aos diferentes perfis das companhias, que devem considerar sua din\u00e2mica cotidiana de trabalho, o n\u00famero de colaboradores, a cultura corporativa, entre outros fatores.<\/a><\/strong><\/p>\n<\/blockquote>\n<h3><strong>3. O papel do piso na Arquitetura Corporativa<\/strong><\/h3>\n<p style=\"text-align: center;\"><a href=\"http:\/\/www.dabus.com.br\/blog\/2016\/07\/papel-piso-arquitetura-corporativa\/\" target=\"_blank\"><img decoding=\"async\" loading=\"lazy\" class=\"aligncenter size-full wp-image-12852\" title=\"Clique aqui\" src=\"http:\/\/www.dabus.com.br\/blog\/wp-content\/uploads\/2017\/01\/piso-arquitetura-corporativa.jpg\" alt=\"piso-arquitetura-corporativa\" width=\"600\" height=\"168\" srcset=\"https:\/\/www.dabusarquitetura.com.br\/blog\/wp-content\/uploads\/2017\/01\/piso-arquitetura-corporativa.jpg 600w, https:\/\/www.dabusarquitetura.com.br\/blog\/wp-content\/uploads\/2017\/01\/piso-arquitetura-corporativa-300x84.jpg 300w\" sizes=\"(max-width: 600px) 100vw, 600px\" \/><\/a><\/p>\n<blockquote>\n<p style=\"text-align: justify;\"><strong><a href=\"http:\/\/www.dabus.com.br\/blog\/2016\/07\/papel-piso-arquitetura-corporativa\/\" target=\"_blank\">Ele pode at\u00e9 passar despercebido por grande parte das pessoas, mas o piso exerce fun\u00e7\u00f5es de extrema import\u00e2ncia nos ambientes, sobretudo corporativos, onde funcionalidade e beleza precisam andar obrigatoriamente lado a lado.<\/a><\/strong><\/p>\n<\/blockquote>\n<h3><strong>4. Por que usar o piso elevado no seu escrit\u00f3rio?<\/strong><\/h3>\n<p style=\"text-align: justify;\"><a href=\"http:\/\/www.dabus.com.br\/blog\/2016\/08\/por-que-usar-piso-elevado-no-escritorio\/\" target=\"_blank\"><img decoding=\"async\" loading=\"lazy\" class=\"aligncenter size-full wp-image-12853\" title=\"Clique aqui\" src=\"http:\/\/www.dabus.com.br\/blog\/wp-content\/uploads\/2017\/01\/piso-elevado-escritorio.jpg\" alt=\"piso-elevado-escritorio\" width=\"600\" height=\"168\" srcset=\"https:\/\/www.dabusarquitetura.com.br\/blog\/wp-content\/uploads\/2017\/01\/piso-elevado-escritorio.jpg 600w, https:\/\/www.dabusarquitetura.com.br\/blog\/wp-content\/uploads\/2017\/01\/piso-elevado-escritorio-300x84.jpg 300w\" sizes=\"(max-width: 600px) 100vw, 600px\" \/><\/a><strong><\/strong><\/p>\n<blockquote>\n<p style=\"text-align: justify;\"><strong><a href=\"http:\/\/www.dabus.com.br\/blog\/2016\/08\/por-que-usar-piso-elevado-no-escritorio\/\" target=\"_blank\">Os pisos elevados foram criados especialmente para estruturar o cabeamento em empresas tecnol\u00f3gicas e centros de processamento de dados, como os data centers. Isso porque o sistema cria um v\u00e3o, entre as placas e o ch\u00e3o, que permite a passagem de cabos, fios e tubula\u00e7\u00f5es da maneira mais organizada e discreta poss\u00edvel.<\/a><\/strong><\/p>\n<\/blockquote>\n<h3><strong>5. Quatro erros comuns em interiores de padarias<\/strong><\/h3>\n<p style=\"text-align: justify;\"><a href=\"http:\/\/www.dabus.com.br\/blog\/2016\/09\/erros-comuns-interiores-padarias\/\" target=\"_blank\"><img decoding=\"async\" loading=\"lazy\" class=\"aligncenter size-full wp-image-12854\" title=\"Clique aqui\" src=\"http:\/\/www.dabus.com.br\/blog\/wp-content\/uploads\/2017\/01\/erros-ambientacao-padaria.jpg\" alt=\"erros-ambientacao-padaria\" width=\"600\" height=\"168\" srcset=\"https:\/\/www.dabusarquitetura.com.br\/blog\/wp-content\/uploads\/2017\/01\/erros-ambientacao-padaria.jpg 600w, https:\/\/www.dabusarquitetura.com.br\/blog\/wp-content\/uploads\/2017\/01\/erros-ambientacao-padaria-300x84.jpg 300w\" sizes=\"(max-width: 600px) 100vw, 600px\" \/><\/a><strong><\/strong><\/p>\n<blockquote>\n<p style=\"text-align: justify;\"><strong><a href=\"http:\/\/www.dabus.com.br\/blog\/2016\/09\/erros-comuns-interiores-padarias\/\" target=\"_blank\">A vontade de vender \u00e9 grande, mas sem tomar as medidas necess\u00e1rias \u00e0 Arquitetura Comercial, o projeto de uma padaria pode acabar n\u00e3o ajudando a trazer os resultados esperados.<\/a><\/strong><\/p>\n<\/blockquote>\n<h3><strong>6. Como otimizar a ilumina\u00e7\u00e3o natural no ambiente de trabalho<\/strong><\/h3>\n<p style=\"text-align: center;\"><a href=\"http:\/\/www.dabus.com.br\/blog\/2016\/09\/como-otimizar-iluminacao-natural-ambiente-trabalho\/\" target=\"_blank\"><img decoding=\"async\" loading=\"lazy\" class=\"aligncenter size-full wp-image-12856\" title=\"Clique aqui\" src=\"http:\/\/www.dabus.com.br\/blog\/wp-content\/uploads\/2017\/01\/otimizar-luz-natural.jpg\" alt=\"otimizar-luz-natural\" width=\"600\" height=\"168\" srcset=\"https:\/\/www.dabusarquitetura.com.br\/blog\/wp-content\/uploads\/2017\/01\/otimizar-luz-natural.jpg 600w, https:\/\/www.dabusarquitetura.com.br\/blog\/wp-content\/uploads\/2017\/01\/otimizar-luz-natural-300x84.jpg 300w\" sizes=\"(max-width: 600px) 100vw, 600px\" \/><\/a><\/p>\n<div data-block=\"true\" data-editor=\"1f8mg\" data-offset-key=\"21kg6-0-0\">\n<blockquote>\n<div style=\"text-align: justify;\" data-offset-key=\"21kg6-0-0\"><strong><a href=\"http:\/\/www.dabus.com.br\/blog\/2016\/09\/como-otimizar-iluminacao-natural-ambiente-trabalho\/\" target=\"_blank\">N\u00e3o se trata apenas de reduzir gastos: com o uso da ilumina\u00e7\u00e3o natural dentro do escrit\u00f3rio toda a equipe sai ganhando a partir da cria\u00e7\u00e3o de um ambiente mais estimulante, saud\u00e1vel e produtivo. Afinal, o organismo humano depende da atua\u00e7\u00e3o do sol.<\/a><\/strong><\/div>\n<\/blockquote>\n<\/div>\n<h3><strong>7. Quais as condi\u00e7\u00f5es essenciais para ambientes de cl\u00ednicas de sa\u00fade?<\/strong><\/h3>\n<p style=\"text-align: justify;\"><a href=\"http:\/\/www.dabus.com.br\/blog\/2016\/10\/condicoes-essenciais-ambientes-clinicas-saude\/\" target=\"_blank\"><img decoding=\"async\" loading=\"lazy\" class=\"aligncenter size-full wp-image-12857\" title=\"Clique aqui\" src=\"http:\/\/www.dabus.com.br\/blog\/wp-content\/uploads\/2017\/01\/ambiente-clinica-saude.jpg\" alt=\"ambiente-clinica-saude\" width=\"600\" height=\"168\" srcset=\"https:\/\/www.dabusarquitetura.com.br\/blog\/wp-content\/uploads\/2017\/01\/ambiente-clinica-saude.jpg 600w, https:\/\/www.dabusarquitetura.com.br\/blog\/wp-content\/uploads\/2017\/01\/ambiente-clinica-saude-300x84.jpg 300w\" sizes=\"(max-width: 600px) 100vw, 600px\" \/><\/a><strong><\/strong><\/p>\n<blockquote>\n<p style=\"text-align: justify;\"><strong><a href=\"http:\/\/www.dabus.com.br\/blog\/2016\/10\/condicoes-essenciais-ambientes-clinicas-saude\/\" target=\"_blank\">A Constitui\u00e7\u00e3o Federal de 1988 define que \u00e9 dever do Estado garantir sa\u00fade para toda a popula\u00e7\u00e3o. Por isso, em 1990, o Governo criou o Sistema \u00danico de Sa\u00fade (SUS). A Lei afirma que o SUS \u00e9 composto por \u00f3rg\u00e3os e institui\u00e7\u00f5es p\u00fablicas federais, estaduais e municipais, da Administra\u00e7\u00e3o direta e indireta e das funda\u00e7\u00f5es mantidas pelo Poder P\u00fablico. Afirma tamb\u00e9m que a iniciativa privada pode participar do sistema \u00fanico, em car\u00e1ter complementar.<\/a><\/strong><\/p>\n<\/blockquote>\n<h3><strong>8. Como garantir o sucesso na reforma da cl\u00ednica ou consult\u00f3rio?<\/strong><\/h3>\n<p style=\"text-align: center;\"><a href=\"http:\/\/www.dabus.com.br\/blog\/2016\/11\/como-garantir-sucesso-reforma-clinica-constultorio\/\" target=\"_blank\"><img decoding=\"async\" loading=\"lazy\" title=\"Clique aqui\" src=\"http:\/\/www.dabus.com.br\/blog\/wp-content\/uploads\/2017\/01\/equipamento-estetica-escritorio.jpg\" alt=\"equipamento-estetica-escritorio\" width=\"600\" height=\"168\" \/><\/a><\/p>\n<blockquote>\n<p style=\"text-align: justify;\"><strong><a href=\"http:\/\/www.dabus.com.br\/blog\/2016\/11\/como-garantir-sucesso-reforma-clinica-constultorio\/\" target=\"_blank\">P\u00f3, m\u00f3veis fora do lugar, \u00e1reas interditadas e muito quebra-quebra. Consequ\u00eancias comuns em qualquer reforma, esses fatores parecem n\u00e3o combinar nada com cl\u00ednicas e consult\u00f3rios. Entretanto, nem sempre \u00e9 poss\u00edvel evit\u00e1-los, sobretudo porque esse tipo de ambiente deve ser renovado com certa frequ\u00eancia para se manter atualizado com as novas tecnologias, m\u00e9todos e propostas est\u00e9ticas.<\/a><\/strong><\/p>\n<\/blockquote>\n<p>Fique atento aos novos posts. Eles est\u00e3o sendo preparados pensando em voc\u00ea!<\/p>\n","protected":false},"excerpt":{"rendered":"<p>Os primeiros meses do ano funcionam ainda como uma esp\u00e9cie de ajuste ao novo tempo que vem pela frente. Esta \u00e9 a hora dos planejamentos [&hellip;]<\/p>\n","protected":false},"author":3,"featured_media":0,"comment_status":"open","ping_status":"open","sticky":false,"template":"","format":"standard","meta":[],"categories":[49],"tags":[],"yoast_head":"<!-- This site is optimized with the Yoast SEO plugin v20.8 - https:\/\/yoast.com\/wordpress\/plugins\/seo\/ -->\n<title>O que passou e o que vem por a\u00ed no blog da DABUS ARQUITETURA - DABUS ARQUITETURA<\/title>\n<meta name=\"robots\" content=\"index, follow, max-snippet:-1, max-image-preview:large, max-video-preview:-1\" \/>\n<link rel=\"canonical\" href=\"https:\/\/www.dabusarquitetura.com.br\/blog\/que-passou-que-vem-ai-blog-dabus-arquitetura\/\" \/>\n<meta property=\"og:locale\" content=\"pt_BR\" \/>\n<meta property=\"og:type\" content=\"article\" \/>\n<meta property=\"og:title\" content=\"O que passou e o que vem por a\u00ed no blog da DABUS ARQUITETURA - DABUS ARQUITETURA\" \/>\n<meta property=\"og:description\" content=\"Os primeiros meses do ano funcionam ainda como uma esp\u00e9cie de ajuste ao novo tempo que vem pela frente. Esta \u00e9 a hora dos planejamentos [&hellip;]\" \/>\n<meta property=\"og:url\" content=\"https:\/\/www.dabusarquitetura.com.br\/blog\/que-passou-que-vem-ai-blog-dabus-arquitetura\/\" \/>\n<meta property=\"og:site_name\" content=\"DABUS ARQUITETURA\" \/>\n<meta property=\"article:published_time\" content=\"2017-02-01T12:14:52+00:00\" \/>\n<meta property=\"og:image\" content=\"http:\/\/www.dabus.com.br\/blog\/wp-content\/uploads\/2017\/01\/escritorio-equipamentos-tecnologicos.jpg\" \/>\n<meta name=\"author\" content=\"heloisa.dabus\" \/>\n<meta name=\"twitter:card\" content=\"summary_large_image\" \/>\n<meta name=\"twitter:label1\" content=\"Escrito por\" \/>\n\t<meta name=\"twitter:data1\" content=\"heloisa.dabus\" \/>\n\t<meta name=\"twitter:label2\" content=\"Est. tempo de leitura\" \/>\n\t<meta name=\"twitter:data2\" content=\"3 minutos\" \/>\n<script type=\"application\/ld+json\" class=\"yoast-schema-graph\">{\"@context\":\"https:\/\/schema.org\",\"@graph\":[{\"@type\":\"WebPage\",\"@id\":\"https:\/\/www.dabusarquitetura.com.br\/blog\/que-passou-que-vem-ai-blog-dabus-arquitetura\/\",\"url\":\"https:\/\/www.dabusarquitetura.com.br\/blog\/que-passou-que-vem-ai-blog-dabus-arquitetura\/\",\"name\":\"O que passou e o que vem por a\u00ed no blog da DABUS ARQUITETURA - DABUS ARQUITETURA\",\"isPartOf\":{\"@id\":\"https:\/\/www.dabusarquitetura.com.br\/blog\/#website\"},\"datePublished\":\"2017-02-01T12:14:52+00:00\",\"dateModified\":\"2017-02-01T12:14:52+00:00\",\"author\":{\"@id\":\"https:\/\/www.dabusarquitetura.com.br\/blog\/#\/schema\/person\/978b78d74759412a1cd43634996237c4\"},\"breadcrumb\":{\"@id\":\"https:\/\/www.dabusarquitetura.com.br\/blog\/que-passou-que-vem-ai-blog-dabus-arquitetura\/#breadcrumb\"},\"inLanguage\":\"pt-BR\",\"potentialAction\":[{\"@type\":\"ReadAction\",\"target\":[\"https:\/\/www.dabusarquitetura.com.br\/blog\/que-passou-que-vem-ai-blog-dabus-arquitetura\/\"]}]},{\"@type\":\"BreadcrumbList\",\"@id\":\"https:\/\/www.dabusarquitetura.com.br\/blog\/que-passou-que-vem-ai-blog-dabus-arquitetura\/#breadcrumb\",\"itemListElement\":[{\"@type\":\"ListItem\",\"position\":1,\"name\":\"In\u00edcio\",\"item\":\"https:\/\/www.dabusarquitetura.com.br\/blog\/\"},{\"@type\":\"ListItem\",\"position\":2,\"name\":\"O que passou e o que vem por a\u00ed no blog da DABUS ARQUITETURA\"}]},{\"@type\":\"WebSite\",\"@id\":\"https:\/\/www.dabusarquitetura.com.br\/blog\/#website\",\"url\":\"https:\/\/www.dabusarquitetura.com.br\/blog\/\",\"name\":\"DABUS ARQUITETURA\",\"description\":\"Arquitetura Corporativa\",\"potentialAction\":[{\"@type\":\"SearchAction\",\"target\":{\"@type\":\"EntryPoint\",\"urlTemplate\":\"https:\/\/www.dabusarquitetura.com.br\/blog\/?s={search_term_string}\"},\"query-input\":\"required name=search_term_string\"}],\"inLanguage\":\"pt-BR\"},{\"@type\":\"Person\",\"@id\":\"https:\/\/www.dabusarquitetura.com.br\/blog\/#\/schema\/person\/978b78d74759412a1cd43634996237c4\",\"name\":\"heloisa.dabus\",\"image\":{\"@type\":\"ImageObject\",\"inLanguage\":\"pt-BR\",\"@id\":\"https:\/\/www.dabusarquitetura.com.br\/blog\/#\/schema\/person\/image\/\",\"url\":\"https:\/\/secure.gravatar.com\/avatar\/4078f4f8e54fb70a99a5e9edc642ecb1?s=96&d=mm&r=g\",\"contentUrl\":\"https:\/\/secure.gravatar.com\/avatar\/4078f4f8e54fb70a99a5e9edc642ecb1?s=96&d=mm&r=g\",\"caption\":\"heloisa.dabus\"},\"url\":\"https:\/\/www.dabusarquitetura.com.br\/blog\/author\/heloisa-dabus\/\"}]}<\/script>\n<!-- \/ Yoast SEO plugin. -->","yoast_head_json":{"title":"O que passou e o que vem por a\u00ed no blog da DABUS ARQUITETURA - DABUS ARQUITETURA","robots":{"index":"index","follow":"follow","max-snippet":"max-snippet:-1","max-image-preview":"max-image-preview:large","max-video-preview":"max-video-preview:-1"},"canonical":"https:\/\/www.dabusarquitetura.com.br\/blog\/que-passou-que-vem-ai-blog-dabus-arquitetura\/","og_locale":"pt_BR","og_type":"article","og_title":"O que passou e o que vem por a\u00ed no blog da DABUS ARQUITETURA - DABUS ARQUITETURA","og_description":"Os primeiros meses do ano funcionam ainda como uma esp\u00e9cie de ajuste ao novo tempo que vem pela frente. Esta \u00e9 a hora dos planejamentos [&hellip;]","og_url":"https:\/\/www.dabusarquitetura.com.br\/blog\/que-passou-que-vem-ai-blog-dabus-arquitetura\/","og_site_name":"DABUS ARQUITETURA","article_published_time":"2017-02-01T12:14:52+00:00","og_image":[{"url":"http:\/\/www.dabus.com.br\/blog\/wp-content\/uploads\/2017\/01\/escritorio-equipamentos-tecnologicos.jpg"}],"author":"heloisa.dabus","twitter_card":"summary_large_image","twitter_misc":{"Escrito por":"heloisa.dabus","Est. tempo de leitura":"3 minutos"},"schema":{"@context":"https:\/\/schema.org","@graph":[{"@type":"WebPage","@id":"https:\/\/www.dabusarquitetura.com.br\/blog\/que-passou-que-vem-ai-blog-dabus-arquitetura\/","url":"https:\/\/www.dabusarquitetura.com.br\/blog\/que-passou-que-vem-ai-blog-dabus-arquitetura\/","name":"O que passou e o que vem por a\u00ed no blog da DABUS ARQUITETURA - DABUS ARQUITETURA","isPartOf":{"@id":"https:\/\/www.dabusarquitetura.com.br\/blog\/#website"},"datePublished":"2017-02-01T12:14:52+00:00","dateModified":"2017-02-01T12:14:52+00:00","author":{"@id":"https:\/\/www.dabusarquitetura.com.br\/blog\/#\/schema\/person\/978b78d74759412a1cd43634996237c4"},"breadcrumb":{"@id":"https:\/\/www.dabusarquitetura.com.br\/blog\/que-passou-que-vem-ai-blog-dabus-arquitetura\/#breadcrumb"},"inLanguage":"pt-BR","potentialAction":[{"@type":"ReadAction","target":["https:\/\/www.dabusarquitetura.com.br\/blog\/que-passou-que-vem-ai-blog-dabus-arquitetura\/"]}]},{"@type":"BreadcrumbList","@id":"https:\/\/www.dabusarquitetura.com.br\/blog\/que-passou-que-vem-ai-blog-dabus-arquitetura\/#breadcrumb","itemListElement":[{"@type":"ListItem","position":1,"name":"In\u00edcio","item":"https:\/\/www.dabusarquitetura.com.br\/blog\/"},{"@type":"ListItem","position":2,"name":"O que passou e o que vem por a\u00ed no blog da DABUS ARQUITETURA"}]},{"@type":"WebSite","@id":"https:\/\/www.dabusarquitetura.com.br\/blog\/#website","url":"https:\/\/www.dabusarquitetura.com.br\/blog\/","name":"DABUS ARQUITETURA","description":"Arquitetura Corporativa","potentialAction":[{"@type":"SearchAction","target":{"@type":"EntryPoint","urlTemplate":"https:\/\/www.dabusarquitetura.com.br\/blog\/?s={search_term_string}"},"query-input":"required name=search_term_string"}],"inLanguage":"pt-BR"},{"@type":"Person","@id":"https:\/\/www.dabusarquitetura.com.br\/blog\/#\/schema\/person\/978b78d74759412a1cd43634996237c4","name":"heloisa.dabus","image":{"@type":"ImageObject","inLanguage":"pt-BR","@id":"https:\/\/www.dabusarquitetura.com.br\/blog\/#\/schema\/person\/image\/","url":"https:\/\/secure.gravatar.com\/avatar\/4078f4f8e54fb70a99a5e9edc642ecb1?s=96&d=mm&r=g","contentUrl":"https:\/\/secure.gravatar.com\/avatar\/4078f4f8e54fb70a99a5e9edc642ecb1?s=96&d=mm&r=g","caption":"heloisa.dabus"},"url":"https:\/\/www.dabusarquitetura.com.br\/blog\/author\/heloisa-dabus\/"}]}},"_links":{"self":[{"href":"https:\/\/www.dabusarquitetura.com.br\/blog\/wp-json\/wp\/v2\/posts\/12819"}],"collection":[{"href":"https:\/\/www.dabusarquitetura.com.br\/blog\/wp-json\/wp\/v2\/posts"}],"about":[{"href":"https:\/\/www.dabusarquitetura.com.br\/blog\/wp-json\/wp\/v2\/types\/post"}],"author":[{"embeddable":true,"href":"https:\/\/www.dabusarquitetura.com.br\/blog\/wp-json\/wp\/v2\/users\/3"}],"replies":[{"embeddable":true,"href":"https:\/\/www.dabusarquitetura.com.br\/blog\/wp-json\/wp\/v2\/comments?post=12819"}],"version-history":[{"count":0,"href":"https:\/\/www.dabusarquitetura.com.br\/blog\/wp-json\/wp\/v2\/posts\/12819\/revisions"}],"wp:attachment":[{"href":"https:\/\/www.dabusarquitetura.com.br\/blog\/wp-json\/wp\/v2\/media?parent=12819"}],"wp:term":[{"taxonomy":"category","embeddable":true,"href":"https:\/\/www.dabusarquitetura.com.br\/blog\/wp-json\/wp\/v2\/categories?post=12819"},{"taxonomy":"post_tag","embeddable":true,"href":"https:\/\/www.dabusarquitetura.com.br\/blog\/wp-json\/wp\/v2\/tags?post=12819"}],"curies":[{"name":"wp","href":"https:\/\/api.w.org\/{rel}","templated":true}]}}