{"id":12327,"date":"2016-09-29T10:00:29","date_gmt":"2016-09-29T10:00:29","guid":{"rendered":"http:\/\/www.dabus.com.br\/blog\/?p=12327"},"modified":"2021-10-14T14:14:37","modified_gmt":"2021-10-14T11:14:37","slug":"como-otimizar-iluminacao-natural-ambiente-trabalho","status":"publish","type":"post","link":"https:\/\/www.dabusarquitetura.com.br\/blog\/como-otimizar-iluminacao-natural-ambiente-trabalho\/","title":{"rendered":"Como otimizar a ilumina\u00e7\u00e3o natural no ambiente de trabalho"},"content":{"rendered":"<p style=\"text-align: justify;\">N\u00e3o se trata apenas de <strong>reduzir gastos<\/strong>: com o uso da <strong>ilumina\u00e7\u00e3o natural<\/strong> dentro do escrit\u00f3rio toda a equipe sai ganhando a partir da cria\u00e7\u00e3o de um ambiente mais estimulante, saud\u00e1vel e produtivo. Afinal, o organismo humano depende da atua\u00e7\u00e3o do sol.<\/p>\n<p style=\"text-align: justify;\">Se na sua empresa essa \u00e9 uma realidade distante, este \u00e9 o momento de rever o cen\u00e1rio. Com algumas medidas simples \u00e9 poss\u00edvel adaptar a <strong>Arquitetura Corporativa<\/strong> para um melhor aproveitamento desse recurso da natureza. Confira 6 ideias!<\/p>\n<h2><strong>1. Janelas e portas de vidro<\/strong><\/h2>\n<p style=\"text-align: justify;\">Al\u00e9m de favorecerem uma est\u00e9tica moderna, sofisticada e charmosa, as janelas e portas de vidro permitem a <strong>incid\u00eancia solar<\/strong> de maneira mais ou menos abundante, conforme as necessidades em cada espa\u00e7o. A utiliza\u00e7\u00e3o de recursos como cortinas, brises, persianas e pain\u00e9is prism\u00e1ticos permitem <strong>controlar os n\u00edveis de claridade e calor<\/strong> desejados.<\/p>\n<p style=\"text-align: center;\"><img decoding=\"async\" loading=\"lazy\" class=\"aligncenter size-full wp-image-12344\" title=\"Imagem meramente ilustrativa\" src=\"http:\/\/www.dabus.com.br\/blog\/wp-content\/uploads\/2016\/09\/otimizar-iluminacao-natural-opera-software.jpg\" alt=\"otimizar-iluminacao-natural-opera-software\" width=\"620\" height=\"400\" srcset=\"https:\/\/www.dabusarquitetura.com.br\/blog\/wp-content\/uploads\/2016\/09\/otimizar-iluminacao-natural-opera-software.jpg 620w, https:\/\/www.dabusarquitetura.com.br\/blog\/wp-content\/uploads\/2016\/09\/otimizar-iluminacao-natural-opera-software-300x193.jpg 300w\" sizes=\"(max-width: 620px) 100vw, 620px\" \/><\/p>\n<p style=\"text-align: center;\"><span style=\"color: #999999;\">Projeto de\u00a0mode:lina para a\u00a0Opera Software | Fonte: <a href=\"http:\/\/www.archello.com\/en\/project\/opera-software\" target=\"_blank\" rel=\"noopener noreferrer\"><span style=\"color: #999999;\">Archello<\/span><\/a>.<\/span><\/p>\n<h3><strong>2. \u00c1reas abertas<\/strong><\/h3>\n<p style=\"text-align: justify;\">A <strong>integra\u00e7\u00e3o de ambientes internos com \u00e1reas abertas<\/strong> \u00e9 capaz de proporcionar uma conex\u00e3o maior da equipe com o mundo exterior de modo que os membros possam desfrutar de momentos de relaxamento, trabalho moderado e contato com a natureza, incluindo a luz do sol.<\/p>\n<p style=\"text-align: center;\"><img decoding=\"async\" loading=\"lazy\" class=\"aligncenter size-full wp-image-12349\" title=\"Imagem meramente ilustrativa\" src=\"http:\/\/www.dabus.com.br\/blog\/wp-content\/uploads\/2016\/09\/otimizar-iluminacao-natural-fullscreen.jpg\" alt=\"otimizar-iluminacao-natural-fullscreen\" width=\"620\" height=\"400\" srcset=\"https:\/\/www.dabusarquitetura.com.br\/blog\/wp-content\/uploads\/2016\/09\/otimizar-iluminacao-natural-fullscreen.jpg 620w, https:\/\/www.dabusarquitetura.com.br\/blog\/wp-content\/uploads\/2016\/09\/otimizar-iluminacao-natural-fullscreen-300x193.jpg 300w\" sizes=\"(max-width: 620px) 100vw, 620px\" \/><\/p>\n<p style=\"text-align: center;\"><span style=\"color: #999999;\">Projeto de\u00a0Rapt Studio para a\u00a0Fullscreen | Fonte: <a href=\"https:\/\/officesnapshots.com\/2016\/01\/06\/fullscreen-offices-los-angeles\/\" target=\"_blank\" rel=\"noopener noreferrer\"><span style=\"color: #999999;\">Office Snapshots<\/span><\/a>.<\/span><\/p>\n<h3><strong>3. Jardim de inverno<\/strong><\/h3>\n<p style=\"text-align: justify;\">Pr\u00e9dios corporativos tamb\u00e9m podem explorar os benef\u00edcios dos jardins de inverno. Eles s\u00e3o uma \u00f3tima op\u00e7\u00e3o para <strong>agregar valor<\/strong> a partir dos apelos est\u00e9ticos que oferecem, da aproxima\u00e7\u00e3o com elementos naturais e da abertura \u00e0 <strong>ilumina\u00e7\u00e3o natural<\/strong> que exigem.<\/p>\n<p><img decoding=\"async\" loading=\"lazy\" class=\"aligncenter size-full wp-image-12351\" title=\"Imagem meramente ilustrativa\" src=\"http:\/\/www.dabus.com.br\/blog\/wp-content\/uploads\/2016\/09\/otimizar-iluminacao-natural-telus.jpg\" alt=\"otimizar-iluminacao-natural-telus\" width=\"620\" height=\"400\" srcset=\"https:\/\/www.dabusarquitetura.com.br\/blog\/wp-content\/uploads\/2016\/09\/otimizar-iluminacao-natural-telus.jpg 620w, https:\/\/www.dabusarquitetura.com.br\/blog\/wp-content\/uploads\/2016\/09\/otimizar-iluminacao-natural-telus-300x193.jpg 300w\" sizes=\"(max-width: 620px) 100vw, 620px\" \/><\/p>\n<p style=\"text-align: center;\"><span style=\"color: #999999;\">Projeto de\u00a0office of mcfarlane biggar architects + designers para a\u00a0TELUS | Fonte: <a href=\"http:\/\/www.caandesign.com\/telus-garden-offices-vancouver-state-art-workplace-technologies-designed-office-mcfarlane-biggar-architects-designers-inc\/\" target=\"_blank\" rel=\"noopener noreferrer\"><span style=\"color: #999999;\">CANN Design<\/span><\/a>.<\/span><\/p>\n<h3><strong>4. Ilumina\u00e7\u00e3o Zenital<\/strong><\/h3>\n<p style=\"text-align: justify;\">A <strong>claridade que vem do alto<\/strong> pode ser a sa\u00edda perfeita para empresas que n\u00e3o disp\u00f5em de espa\u00e7o suficiente para janelas maiores. Dentro do conceito de<strong> Ilumina\u00e7\u00e3o Zenital<\/strong> pode-se escolher diferentes modelos de pain\u00e9is envidra\u00e7ados, tais como o \u00e1trio, a c\u00fapula, a claraboia e os <em>sheds<\/em>.<\/p>\n<p><img decoding=\"async\" loading=\"lazy\" class=\"aligncenter size-full wp-image-12353\" title=\"Imagem meramente ilustrativa\" src=\"http:\/\/www.dabus.com.br\/blog\/wp-content\/uploads\/2016\/09\/otimizar-iluminacao-natural-nicoll-curtin.jpg\" alt=\"otimizar-iluminacao-natural-nicoll-curtin\" width=\"620\" height=\"400\" srcset=\"https:\/\/www.dabusarquitetura.com.br\/blog\/wp-content\/uploads\/2016\/09\/otimizar-iluminacao-natural-nicoll-curtin.jpg 620w, https:\/\/www.dabusarquitetura.com.br\/blog\/wp-content\/uploads\/2016\/09\/otimizar-iluminacao-natural-nicoll-curtin-300x193.jpg 300w\" sizes=\"(max-width: 620px) 100vw, 620px\" \/><\/p>\n<p style=\"text-align: center;\"><span style=\"color: #999999;\">Projeto de\u00a0Peldon Rose para a\u00a0Nicoll Curtin | Fonte: <a href=\"http:\/\/www.officelovin.com\/2016\/08\/15\/peek-inside-nicoll-curtins-london-office\/\" target=\"_blank\" rel=\"noopener noreferrer\"><span style=\"color: #999999;\">Officelovin<\/span><\/a>.<\/span><\/p>\n<h3><strong>5. Bay Window<\/strong><\/h3>\n<p style=\"text-align: justify;\">Heran\u00e7a da Arquitetura Vitoriana, as Bay Windows s\u00e3o aquelas janelas projetadas &#8220;para fora&#8221; da fachada. Al\u00e9m de concederem uma ilumina\u00e7\u00e3o mais generosa, elas tamb\u00e9m propiciam a <strong>ilus\u00e3o de amplitude do espa\u00e7o<\/strong>, o que \u00e9 excelente para os pequenos escrit\u00f3rios.<\/p>\n<p style=\"text-align: center;\"><img decoding=\"async\" loading=\"lazy\" class=\"aligncenter size-full wp-image-12347\" title=\"Imagem meramente ilustrativa\" src=\"http:\/\/www.dabus.com.br\/blog\/wp-content\/uploads\/2016\/09\/otimizar-iluminacao-natural-pluck-pr.jpg\" alt=\"otimizar-iluminacao-natural-pluck-pr\" width=\"620\" height=\"400\" srcset=\"https:\/\/www.dabusarquitetura.com.br\/blog\/wp-content\/uploads\/2016\/09\/otimizar-iluminacao-natural-pluck-pr.jpg 620w, https:\/\/www.dabusarquitetura.com.br\/blog\/wp-content\/uploads\/2016\/09\/otimizar-iluminacao-natural-pluck-pr-300x193.jpg 300w\" sizes=\"(max-width: 620px) 100vw, 620px\" \/><\/p>\n<p style=\"text-align: center;\"><span style=\"color: #999999;\">Projeto de\u00a0Homepolish para a\u00a0Pluck PR | Fonte: <span style=\"color: #999999;\">Homepolish<\/span>.<\/span><\/p>\n<h3><strong>6. Cores claras<\/strong><\/h3>\n<p style=\"text-align: justify;\">A aplica\u00e7\u00e3o de cores claras, seja nas paredes ou no mobili\u00e1rio, contribui para <strong>preencher os espa\u00e7os com mais claridade<\/strong>, uma vez que essas tonalidades refletem com maior intensidade a luz que entra pelas janelas e portas. Invista nesse recurso!<\/p>\n<p style=\"text-align: center;\"><img decoding=\"async\" loading=\"lazy\" class=\"aligncenter size-full wp-image-12342\" title=\"Ag\u00eancia RED\" src=\"http:\/\/www.dabus.com.br\/blog\/wp-content\/uploads\/2016\/09\/otimizar-iluminacao-natural-agencia-red.jpg\" alt=\"otimizar-iluminacao-natural-agencia-red\" width=\"620\" height=\"400\" srcset=\"https:\/\/www.dabusarquitetura.com.br\/blog\/wp-content\/uploads\/2016\/09\/otimizar-iluminacao-natural-agencia-red.jpg 620w, https:\/\/www.dabusarquitetura.com.br\/blog\/wp-content\/uploads\/2016\/09\/otimizar-iluminacao-natural-agencia-red-300x193.jpg 300w\" sizes=\"(max-width: 620px) 100vw, 620px\" \/><\/p>\n<p style=\"text-align: center;\"><span style=\"color: #999999;\">Projeto da DABUS ARQUITETURA para a ag\u00eancia RED | Fonte: <a href=\"http:\/\/www.dabus.com.br\/site\/arquitetura-corporativa\/projeto-red-comunicacoes.html#tabs-4\" target=\"_blank\" rel=\"noopener noreferrer\"><span style=\"color: #999999;\">DABUS.com.br<\/span><\/a>.<\/span><\/p>\n<p><strong>VEJA TAMB\u00c9M:<\/strong><\/p>\n<p><a href=\"http:\/\/www.dabus.com.br\/blog\/2011\/09\/iluminacao-no-ambiente-corporativo-muito-mais-que-uma-questao-estetica\/\" target=\"_blank\" rel=\"noopener noreferrer\"><strong>+ Ilumina\u00e7\u00e3o no ambiente corporativo: Muito mais que uma quest\u00e3o est\u00e9tica<\/strong><\/a><\/p>\n<p><a href=\"http:\/\/www.dabus.com.br\/blog\/2015\/02\/aplicacoes-vidro-ambientes-corporativos\/\" target=\"_blank\" rel=\"noopener noreferrer\"><strong>+ 5 aplica\u00e7\u00f5es com vidro para ambientes corporativos<\/strong><\/a><\/p>\n<p><a href=\"http:\/\/www.dabus.com.br\/blog\/2016\/09\/beneficios-iluminacao-natural-para-empresa\" target=\"_blank\" rel=\"noopener noreferrer\"><strong>+ 5 benef\u00edcios da ilumina\u00e7\u00e3o natural para sua empresa<\/strong><\/a><\/p>\n<p style=\"text-align: justify;\">Quer uma empresa iluminada da maneira correta?\u00a0<strong><a title=\"Clique aqui!\" href=\"http:\/\/www.dabus.com.br\/blog\/fale-conosco\/\">Entre em contato<\/a><\/strong> com a <strong>DABUS<\/strong> <strong>ARQUITETURA<\/strong> e fique por dentro de como a nossa equipe pode desenvolver o seu projeto de <strong>Arquitetura Corporativa<\/strong>.<\/p>\n<p style=\"text-align: center;\"><span style=\"color: #999999;\">Refer\u00eancias: <a href=\"https:\/\/www.hometeka.com.br\/aprenda\/como-aproveitar-a-luz-natural\/\" target=\"_blank\" rel=\"noopener noreferrer\"><span style=\"color: #999999;\">Hometeka<\/span><\/a>, <a href=\"http:\/\/www.ecodesenvolvimento.org\/noticias\/guia-da-construcao-verde-2013-iluminacao-natural\" target=\"_blank\" rel=\"noopener noreferrer\"><span style=\"color: #999999;\">EcoDesenvolvimento<\/span><\/a>.<\/span><\/p>\n","protected":false},"excerpt":{"rendered":"<p>N\u00e3o se trata apenas de reduzir gastos: com o uso da ilumina\u00e7\u00e3o natural dentro do escrit\u00f3rio toda a equipe sai ganhando a partir da cria\u00e7\u00e3o [&hellip;]<\/p>\n","protected":false},"author":3,"featured_media":0,"comment_status":"open","ping_status":"open","sticky":false,"template":"","format":"standard","meta":[],"categories":[7],"tags":[],"yoast_head":"<!-- This site is optimized with the Yoast SEO plugin v20.8 - https:\/\/yoast.com\/wordpress\/plugins\/seo\/ -->\n<title>Como otimizar a ilumina\u00e7\u00e3o natural no ambiente de trabalho - DABUS ARQUITETURA<\/title>\n<meta name=\"robots\" content=\"index, follow, max-snippet:-1, max-image-preview:large, max-video-preview:-1\" \/>\n<link rel=\"canonical\" href=\"https:\/\/www.dabusarquitetura.com.br\/blog\/como-otimizar-iluminacao-natural-ambiente-trabalho\/\" \/>\n<meta property=\"og:locale\" content=\"pt_BR\" \/>\n<meta property=\"og:type\" content=\"article\" \/>\n<meta property=\"og:title\" content=\"Como otimizar a ilumina\u00e7\u00e3o natural no ambiente de trabalho - DABUS ARQUITETURA\" \/>\n<meta property=\"og:description\" content=\"N\u00e3o se trata apenas de reduzir gastos: com o uso da ilumina\u00e7\u00e3o natural dentro do escrit\u00f3rio toda a equipe sai ganhando a partir da cria\u00e7\u00e3o [&hellip;]\" \/>\n<meta property=\"og:url\" content=\"https:\/\/www.dabusarquitetura.com.br\/blog\/como-otimizar-iluminacao-natural-ambiente-trabalho\/\" \/>\n<meta property=\"og:site_name\" content=\"DABUS ARQUITETURA\" \/>\n<meta property=\"article:published_time\" content=\"2016-09-29T10:00:29+00:00\" \/>\n<meta property=\"article:modified_time\" content=\"2021-10-14T11:14:37+00:00\" \/>\n<meta property=\"og:image\" content=\"http:\/\/www.dabus.com.br\/blog\/wp-content\/uploads\/2016\/09\/otimizar-iluminacao-natural-opera-software.jpg\" \/>\n<meta name=\"author\" content=\"heloisa.dabus\" \/>\n<meta name=\"twitter:card\" content=\"summary_large_image\" \/>\n<meta name=\"twitter:label1\" content=\"Escrito por\" \/>\n\t<meta name=\"twitter:data1\" content=\"heloisa.dabus\" \/>\n\t<meta name=\"twitter:label2\" content=\"Est. tempo de leitura\" \/>\n\t<meta name=\"twitter:data2\" content=\"3 minutos\" \/>\n<script type=\"application\/ld+json\" class=\"yoast-schema-graph\">{\"@context\":\"https:\/\/schema.org\",\"@graph\":[{\"@type\":\"WebPage\",\"@id\":\"https:\/\/www.dabusarquitetura.com.br\/blog\/como-otimizar-iluminacao-natural-ambiente-trabalho\/\",\"url\":\"https:\/\/www.dabusarquitetura.com.br\/blog\/como-otimizar-iluminacao-natural-ambiente-trabalho\/\",\"name\":\"Como otimizar a ilumina\u00e7\u00e3o natural no ambiente de trabalho - DABUS ARQUITETURA\",\"isPartOf\":{\"@id\":\"https:\/\/www.dabusarquitetura.com.br\/blog\/#website\"},\"datePublished\":\"2016-09-29T10:00:29+00:00\",\"dateModified\":\"2021-10-14T11:14:37+00:00\",\"author\":{\"@id\":\"https:\/\/www.dabusarquitetura.com.br\/blog\/#\/schema\/person\/978b78d74759412a1cd43634996237c4\"},\"breadcrumb\":{\"@id\":\"https:\/\/www.dabusarquitetura.com.br\/blog\/como-otimizar-iluminacao-natural-ambiente-trabalho\/#breadcrumb\"},\"inLanguage\":\"pt-BR\",\"potentialAction\":[{\"@type\":\"ReadAction\",\"target\":[\"https:\/\/www.dabusarquitetura.com.br\/blog\/como-otimizar-iluminacao-natural-ambiente-trabalho\/\"]}]},{\"@type\":\"BreadcrumbList\",\"@id\":\"https:\/\/www.dabusarquitetura.com.br\/blog\/como-otimizar-iluminacao-natural-ambiente-trabalho\/#breadcrumb\",\"itemListElement\":[{\"@type\":\"ListItem\",\"position\":1,\"name\":\"In\u00edcio\",\"item\":\"https:\/\/www.dabusarquitetura.com.br\/blog\/\"},{\"@type\":\"ListItem\",\"position\":2,\"name\":\"Como otimizar a ilumina\u00e7\u00e3o natural no ambiente de trabalho\"}]},{\"@type\":\"WebSite\",\"@id\":\"https:\/\/www.dabusarquitetura.com.br\/blog\/#website\",\"url\":\"https:\/\/www.dabusarquitetura.com.br\/blog\/\",\"name\":\"DABUS ARQUITETURA\",\"description\":\"Arquitetura Corporativa\",\"potentialAction\":[{\"@type\":\"SearchAction\",\"target\":{\"@type\":\"EntryPoint\",\"urlTemplate\":\"https:\/\/www.dabusarquitetura.com.br\/blog\/?s={search_term_string}\"},\"query-input\":\"required name=search_term_string\"}],\"inLanguage\":\"pt-BR\"},{\"@type\":\"Person\",\"@id\":\"https:\/\/www.dabusarquitetura.com.br\/blog\/#\/schema\/person\/978b78d74759412a1cd43634996237c4\",\"name\":\"heloisa.dabus\",\"image\":{\"@type\":\"ImageObject\",\"inLanguage\":\"pt-BR\",\"@id\":\"https:\/\/www.dabusarquitetura.com.br\/blog\/#\/schema\/person\/image\/\",\"url\":\"https:\/\/secure.gravatar.com\/avatar\/4078f4f8e54fb70a99a5e9edc642ecb1?s=96&d=mm&r=g\",\"contentUrl\":\"https:\/\/secure.gravatar.com\/avatar\/4078f4f8e54fb70a99a5e9edc642ecb1?s=96&d=mm&r=g\",\"caption\":\"heloisa.dabus\"},\"url\":\"https:\/\/www.dabusarquitetura.com.br\/blog\/author\/heloisa-dabus\/\"}]}<\/script>\n<!-- \/ Yoast SEO plugin. -->","yoast_head_json":{"title":"Como otimizar a ilumina\u00e7\u00e3o natural no ambiente de trabalho - DABUS ARQUITETURA","robots":{"index":"index","follow":"follow","max-snippet":"max-snippet:-1","max-image-preview":"max-image-preview:large","max-video-preview":"max-video-preview:-1"},"canonical":"https:\/\/www.dabusarquitetura.com.br\/blog\/como-otimizar-iluminacao-natural-ambiente-trabalho\/","og_locale":"pt_BR","og_type":"article","og_title":"Como otimizar a ilumina\u00e7\u00e3o natural no ambiente de trabalho - DABUS ARQUITETURA","og_description":"N\u00e3o se trata apenas de reduzir gastos: com o uso da ilumina\u00e7\u00e3o natural dentro do escrit\u00f3rio toda a equipe sai ganhando a partir da cria\u00e7\u00e3o [&hellip;]","og_url":"https:\/\/www.dabusarquitetura.com.br\/blog\/como-otimizar-iluminacao-natural-ambiente-trabalho\/","og_site_name":"DABUS ARQUITETURA","article_published_time":"2016-09-29T10:00:29+00:00","article_modified_time":"2021-10-14T11:14:37+00:00","og_image":[{"url":"http:\/\/www.dabus.com.br\/blog\/wp-content\/uploads\/2016\/09\/otimizar-iluminacao-natural-opera-software.jpg"}],"author":"heloisa.dabus","twitter_card":"summary_large_image","twitter_misc":{"Escrito por":"heloisa.dabus","Est. tempo de leitura":"3 minutos"},"schema":{"@context":"https:\/\/schema.org","@graph":[{"@type":"WebPage","@id":"https:\/\/www.dabusarquitetura.com.br\/blog\/como-otimizar-iluminacao-natural-ambiente-trabalho\/","url":"https:\/\/www.dabusarquitetura.com.br\/blog\/como-otimizar-iluminacao-natural-ambiente-trabalho\/","name":"Como otimizar a ilumina\u00e7\u00e3o natural no ambiente de trabalho - DABUS ARQUITETURA","isPartOf":{"@id":"https:\/\/www.dabusarquitetura.com.br\/blog\/#website"},"datePublished":"2016-09-29T10:00:29+00:00","dateModified":"2021-10-14T11:14:37+00:00","author":{"@id":"https:\/\/www.dabusarquitetura.com.br\/blog\/#\/schema\/person\/978b78d74759412a1cd43634996237c4"},"breadcrumb":{"@id":"https:\/\/www.dabusarquitetura.com.br\/blog\/como-otimizar-iluminacao-natural-ambiente-trabalho\/#breadcrumb"},"inLanguage":"pt-BR","potentialAction":[{"@type":"ReadAction","target":["https:\/\/www.dabusarquitetura.com.br\/blog\/como-otimizar-iluminacao-natural-ambiente-trabalho\/"]}]},{"@type":"BreadcrumbList","@id":"https:\/\/www.dabusarquitetura.com.br\/blog\/como-otimizar-iluminacao-natural-ambiente-trabalho\/#breadcrumb","itemListElement":[{"@type":"ListItem","position":1,"name":"In\u00edcio","item":"https:\/\/www.dabusarquitetura.com.br\/blog\/"},{"@type":"ListItem","position":2,"name":"Como otimizar a ilumina\u00e7\u00e3o natural no ambiente de trabalho"}]},{"@type":"WebSite","@id":"https:\/\/www.dabusarquitetura.com.br\/blog\/#website","url":"https:\/\/www.dabusarquitetura.com.br\/blog\/","name":"DABUS ARQUITETURA","description":"Arquitetura Corporativa","potentialAction":[{"@type":"SearchAction","target":{"@type":"EntryPoint","urlTemplate":"https:\/\/www.dabusarquitetura.com.br\/blog\/?s={search_term_string}"},"query-input":"required name=search_term_string"}],"inLanguage":"pt-BR"},{"@type":"Person","@id":"https:\/\/www.dabusarquitetura.com.br\/blog\/#\/schema\/person\/978b78d74759412a1cd43634996237c4","name":"heloisa.dabus","image":{"@type":"ImageObject","inLanguage":"pt-BR","@id":"https:\/\/www.dabusarquitetura.com.br\/blog\/#\/schema\/person\/image\/","url":"https:\/\/secure.gravatar.com\/avatar\/4078f4f8e54fb70a99a5e9edc642ecb1?s=96&d=mm&r=g","contentUrl":"https:\/\/secure.gravatar.com\/avatar\/4078f4f8e54fb70a99a5e9edc642ecb1?s=96&d=mm&r=g","caption":"heloisa.dabus"},"url":"https:\/\/www.dabusarquitetura.com.br\/blog\/author\/heloisa-dabus\/"}]}},"_links":{"self":[{"href":"https:\/\/www.dabusarquitetura.com.br\/blog\/wp-json\/wp\/v2\/posts\/12327"}],"collection":[{"href":"https:\/\/www.dabusarquitetura.com.br\/blog\/wp-json\/wp\/v2\/posts"}],"about":[{"href":"https:\/\/www.dabusarquitetura.com.br\/blog\/wp-json\/wp\/v2\/types\/post"}],"author":[{"embeddable":true,"href":"https:\/\/www.dabusarquitetura.com.br\/blog\/wp-json\/wp\/v2\/users\/3"}],"replies":[{"embeddable":true,"href":"https:\/\/www.dabusarquitetura.com.br\/blog\/wp-json\/wp\/v2\/comments?post=12327"}],"version-history":[{"count":1,"href":"https:\/\/www.dabusarquitetura.com.br\/blog\/wp-json\/wp\/v2\/posts\/12327\/revisions"}],"predecessor-version":[{"id":15838,"href":"https:\/\/www.dabusarquitetura.com.br\/blog\/wp-json\/wp\/v2\/posts\/12327\/revisions\/15838"}],"wp:attachment":[{"href":"https:\/\/www.dabusarquitetura.com.br\/blog\/wp-json\/wp\/v2\/media?parent=12327"}],"wp:term":[{"taxonomy":"category","embeddable":true,"href":"https:\/\/www.dabusarquitetura.com.br\/blog\/wp-json\/wp\/v2\/categories?post=12327"},{"taxonomy":"post_tag","embeddable":true,"href":"https:\/\/www.dabusarquitetura.com.br\/blog\/wp-json\/wp\/v2\/tags?post=12327"}],"curies":[{"name":"wp","href":"https:\/\/api.w.org\/{rel}","templated":true}]}}