{"id":10347,"date":"2015-09-03T10:00:39","date_gmt":"2015-09-03T10:00:39","guid":{"rendered":"http:\/\/www.dabus.com.br\/blog\/?p=10347"},"modified":"2015-09-03T03:27:53","modified_gmt":"2015-09-03T03:27:53","slug":"como-sustentabilidade-encarada-organizacoes","status":"publish","type":"post","link":"https:\/\/www.dabusarquitetura.com.br\/blog\/como-sustentabilidade-encarada-organizacoes\/","title":{"rendered":"Como a sustentabilidade deve ser encarada nas organiza\u00e7\u00f5es"},"content":{"rendered":"<p style=\"text-align: center;\"><img decoding=\"async\" loading=\"lazy\" class=\"aligncenter size-full wp-image-10377\" title=\"Sustentabilidade nas organiza\u00e7\u00f5es\" src=\"http:\/\/www.dabus.com.br\/blog\/wp-content\/uploads\/2015\/09\/sustentabilidade-organizacoes.jpg\" alt=\"sustentabilidade nas organizacoes\" width=\"620\" height=\"326\" srcset=\"https:\/\/www.dabusarquitetura.com.br\/blog\/wp-content\/uploads\/2015\/09\/sustentabilidade-organizacoes.jpg 620w, https:\/\/www.dabusarquitetura.com.br\/blog\/wp-content\/uploads\/2015\/09\/sustentabilidade-organizacoes-300x157.jpg 300w\" sizes=\"(max-width: 620px) 100vw, 620px\" \/><\/p>\n<p style=\"text-align: center;\"><span style=\"color: #999999;\">Fonte: <a href=\"http:\/\/sites.sandiego.edu\/sustainability\/\" target=\"_blank\"><span style=\"color: #999999;\">Office of Sustainability<\/span><\/a>.<\/span><\/p>\n<p>Muitos veem o assunto como um modismo, deixando para os outros a responsabilidade de assumir uma postura realmente comprometida com o meio ambiente e a sociedade. As quest\u00f5es que abarcam a <strong>sustentabilidade<\/strong> ganham cada vez mais destaque nos livros, nas revistas, na televis\u00e3o e em outros tipos de m\u00eddia, por\u00e9m, nem sempre elas s\u00e3o compreendidas com a seriedade que merecem.<\/p>\n<p>Parece haver certa confus\u00e3o entre a atual notoriedade do assunto e a <strong>real urg\u00eancia de se implementar pr\u00e1ticas mais saud\u00e1veis<\/strong> para a vida no Planeta. Muitas vezes, uma causa passa a ser desacreditada justamente por obter grande repercuss\u00e3o. Aderir a ela fica parecendo, ent\u00e3o, aceitar participar de uma moda passageira, um comportamento que pessoas e companhias verdadeiramente &#8220;id\u00f4neas&#8221; jamais poderiam encorajar.<\/p>\n<p>Todavia, \u00e9 imprescind\u00edvel que, principalmente, as organiza\u00e7\u00f5es rompam o quanto antes com esse tipo de mentalidade e se aprofundem na an\u00e1lise dos <strong>impactos que suas opera\u00e7\u00f5es geram sobre a natureza<\/strong>. Independentemente de discursos &#8220;politicamente corretos&#8221;, toda e qualquer empresa pode e deve se esfor\u00e7ar em implementar <strong>medidas que amenizem as agress\u00f5es ambientais<\/strong> derivadas de suas pr\u00e1ticas.<\/p>\n<h2>Sustentabilidade: Um conceito mais amplo<\/h2>\n<p><a href=\"http:\/\/www.sustineoistanbul.com\/leadership-tips-sustainability-champions\/\" target=\"_blank\"><img decoding=\"async\" loading=\"lazy\" class=\"size-full wp-image-10378 alignleft\" title=\"Fonte imagem: Sustineo Istanbul\" src=\"http:\/\/www.dabus.com.br\/blog\/wp-content\/uploads\/2015\/09\/conceito-sustentabilidade-amplo.jpg\" alt=\"conceito sustentabilidade amplo\" width=\"230\" height=\"230\" srcset=\"https:\/\/www.dabusarquitetura.com.br\/blog\/wp-content\/uploads\/2015\/09\/conceito-sustentabilidade-amplo.jpg 230w, https:\/\/www.dabusarquitetura.com.br\/blog\/wp-content\/uploads\/2015\/09\/conceito-sustentabilidade-amplo-150x150.jpg 150w\" sizes=\"(max-width: 230px) 100vw, 230px\" \/><\/a>\u00c9 importante lembrar, por\u00e9m, que a <strong>sustentabilidade<\/strong> n\u00e3o se limita ao eixo do que \u00e9 apenas <strong>ecologicamente correto<\/strong>. Ela engloba tamb\u00e9m<strong> a\u00e7\u00f5es economicamente vi\u00e1veis <\/strong>e<strong> socialmente justas<\/strong>. Ou seja, n\u00e3o basta diminuir o consumo de energia el\u00e9trica ou promover o &#8220;dia do plantio de \u00e1rvores&#8221;. Para que o escrit\u00f3rio se torne, de fato, sustent\u00e1vel, ele precisa<strong> coordenar essas 3 vertentes<\/strong>.<\/p>\n<p>Quando a companhia atinge essa integra\u00e7\u00e3o in\u00fameros benef\u00edcios s\u00e3o obtidos, como: <strong>conten\u00e7\u00e3o de gastos<\/strong>, diminui\u00e7\u00e3o do lan\u00e7amento de poluentes na atmosfera, redu\u00e7\u00e3o de desperd\u00edcios, melhora do relacionamento com a comunidade e <strong>fortalecimento da marca perante o p\u00fablico<\/strong> &#8211; hoje mais cr\u00edtico e mais atento \u00e0 proced\u00eancia dos produtos que consome. Tudo isso ajuda a <strong>elevar o potencial competitivo<\/strong> dos neg\u00f3cios nesse cen\u00e1rio onde valores humanos e ambientais n\u00e3o s\u00e3o mais meros detalhes.<\/p>\n<p>Embora pequenas otimiza\u00e7\u00f5es nos processos e na estrutura f\u00edsica da organiza\u00e7\u00e3o j\u00e1 sejam capazes de corroborar para um alinhamento sustent\u00e1vel, uma postura mais comprometida nesse sentido exige uma <strong>transforma\u00e7\u00e3o profunda da cultura corporativa<\/strong>. Isso porque nessa dimens\u00e3o est\u00e3o envolvidas as atitudes externas e internas, pr\u00e1ticas e mentais das pessoas. Sem que elas estejam devidamente imersas em um contexto respons\u00e1vel e cativadas pela nova maneira de atuar, fica imposs\u00edvel <strong>garantir resultados duradouros<\/strong>.<\/p>\n<p>Al\u00e9m disso, o modo de pensar do escrit\u00f3rio tem de ser diferente, tais quais os par\u00e2metros de constru\u00e7\u00e3o de sua imagem no mercado. A<strong> sustentabilidade deve passar a fazer parte de seu DNA<\/strong>!<\/p>\n<h3><strong>Arquitetura Corporativa Sustent\u00e1vel<\/strong><\/h3>\n<p>\u00c9 por isso que um projeto de <strong>Arquitetura Corporativa Sustent\u00e1vel<\/strong> precisa ser conduzido sobre uma <strong>perspectiva hol\u00edstica<\/strong>, capaz n\u00e3o s\u00f3 de providenciar as solu\u00e7\u00f5es mais modernas, como tamb\u00e9m de <strong>orientar o cliente<\/strong> acerca dos posicionamentos\/a\u00e7\u00f5es mais adequados frente \u00e0s possibilidades dos espa\u00e7os desenvolvidos.<\/p>\n<p>Essa \u00e9 a maneira como a <strong>DABUS ARQUITETURA<\/strong> empreende seus esfor\u00e7os, e voc\u00ea pode saber mais sobre esse tipo de trabalho<strong> <a title=\"Clique aqui!\" href=\"http:\/\/www.dabus.com.br\/blog\/fale-conosco\/\">entrando em contato<\/a>\u00a0<\/strong>conosco. Ser\u00e1 um enorme prazer ajudar sua empresa a ser melhor, mais respons\u00e1vel e mais competitiva.<\/p>\n<p style=\"text-align: right;\"><span style=\"color: #999999;\">Veja tamb\u00e9m:<\/span><\/p>\n<p style=\"text-align: right;\"><span style=\"color: #999999;\"><span style=\"color: #999999;\">\u2022 <\/span><a title=\"Clique aqui!\" href=\"http:\/\/www.dabus.com.br\/blog\/2014\/05\/como-garantir-um-projeto-sustentavel-de-arquitetura-corporativa\/\"><span style=\"color: #999999;\">Como garantir um projeto sustent\u00e1vel de Arquitetura Corporativa<\/span><\/a><\/span><\/p>\n<p style=\"text-align: right;\"><span style=\"color: #999999;\"><span style=\"color: #999999;\">\u2022 <\/span><a title=\"Clique aqui!\" href=\"http:\/\/www.dabus.com.br\/blog\/2010\/08\/a-arquitetura-sustentavel-como-solucao-para-a-arquitetura-corporativa\/\"><span style=\"color: #999999;\">A Arquitetura Sustent\u00e1vel como solu\u00e7\u00e3o para a Arquitetura Corporativa<\/span><\/a><\/span><\/p>\n<p style=\"text-align: right;\"><span style=\"color: #999999;\">\u2022 <\/span><a title=\"Clique aqui!\" href=\"http:\/\/www.dabus.com.br\/blog\/2010\/09\/tecnologia-e-sustentabilidade-solucoes-inteligentes-na-arquitetura-corporativa\/\"><span style=\"color: #999999;\">Tecnologia e sustentabilidade: Solu\u00e7\u00f5es inteligentes na Arquitetura Corporativ<\/span>a <\/a><\/p>\n<p style=\"text-align: right;\">\n","protected":false},"excerpt":{"rendered":"<p>Fonte: Office of Sustainability. Muitos veem o assunto como um modismo, deixando para os outros a responsabilidade de assumir uma postura realmente comprometida com o [&hellip;]<\/p>\n","protected":false},"author":3,"featured_media":0,"comment_status":"open","ping_status":"open","sticky":false,"template":"","format":"standard","meta":[],"categories":[7],"tags":[],"yoast_head":"<!-- This site is optimized with the Yoast SEO plugin v20.8 - https:\/\/yoast.com\/wordpress\/plugins\/seo\/ -->\n<title>Como a sustentabilidade deve ser encarada nas organiza\u00e7\u00f5es - DABUS ARQUITETURA<\/title>\n<meta name=\"robots\" content=\"index, follow, max-snippet:-1, max-image-preview:large, max-video-preview:-1\" \/>\n<link rel=\"canonical\" href=\"https:\/\/www.dabusarquitetura.com.br\/blog\/como-sustentabilidade-encarada-organizacoes\/\" \/>\n<meta property=\"og:locale\" content=\"pt_BR\" \/>\n<meta property=\"og:type\" content=\"article\" \/>\n<meta property=\"og:title\" content=\"Como a sustentabilidade deve ser encarada nas organiza\u00e7\u00f5es - DABUS ARQUITETURA\" \/>\n<meta property=\"og:description\" content=\"Fonte: Office of Sustainability. Muitos veem o assunto como um modismo, deixando para os outros a responsabilidade de assumir uma postura realmente comprometida com o [&hellip;]\" \/>\n<meta property=\"og:url\" content=\"https:\/\/www.dabusarquitetura.com.br\/blog\/como-sustentabilidade-encarada-organizacoes\/\" \/>\n<meta property=\"og:site_name\" content=\"DABUS ARQUITETURA\" \/>\n<meta property=\"article:published_time\" content=\"2015-09-03T10:00:39+00:00\" \/>\n<meta property=\"article:modified_time\" content=\"2015-09-03T03:27:53+00:00\" \/>\n<meta property=\"og:image\" content=\"http:\/\/www.dabus.com.br\/blog\/wp-content\/uploads\/2015\/09\/sustentabilidade-organizacoes.jpg\" \/>\n<meta name=\"author\" content=\"heloisa.dabus\" \/>\n<meta name=\"twitter:card\" content=\"summary_large_image\" \/>\n<meta name=\"twitter:label1\" content=\"Escrito por\" \/>\n\t<meta name=\"twitter:data1\" content=\"heloisa.dabus\" \/>\n\t<meta name=\"twitter:label2\" content=\"Est. tempo de leitura\" \/>\n\t<meta name=\"twitter:data2\" content=\"3 minutos\" \/>\n<script type=\"application\/ld+json\" class=\"yoast-schema-graph\">{\"@context\":\"https:\/\/schema.org\",\"@graph\":[{\"@type\":\"WebPage\",\"@id\":\"https:\/\/www.dabusarquitetura.com.br\/blog\/como-sustentabilidade-encarada-organizacoes\/\",\"url\":\"https:\/\/www.dabusarquitetura.com.br\/blog\/como-sustentabilidade-encarada-organizacoes\/\",\"name\":\"Como a sustentabilidade deve ser encarada nas organiza\u00e7\u00f5es - DABUS ARQUITETURA\",\"isPartOf\":{\"@id\":\"https:\/\/www.dabusarquitetura.com.br\/blog\/#website\"},\"datePublished\":\"2015-09-03T10:00:39+00:00\",\"dateModified\":\"2015-09-03T03:27:53+00:00\",\"author\":{\"@id\":\"https:\/\/www.dabusarquitetura.com.br\/blog\/#\/schema\/person\/978b78d74759412a1cd43634996237c4\"},\"breadcrumb\":{\"@id\":\"https:\/\/www.dabusarquitetura.com.br\/blog\/como-sustentabilidade-encarada-organizacoes\/#breadcrumb\"},\"inLanguage\":\"pt-BR\",\"potentialAction\":[{\"@type\":\"ReadAction\",\"target\":[\"https:\/\/www.dabusarquitetura.com.br\/blog\/como-sustentabilidade-encarada-organizacoes\/\"]}]},{\"@type\":\"BreadcrumbList\",\"@id\":\"https:\/\/www.dabusarquitetura.com.br\/blog\/como-sustentabilidade-encarada-organizacoes\/#breadcrumb\",\"itemListElement\":[{\"@type\":\"ListItem\",\"position\":1,\"name\":\"In\u00edcio\",\"item\":\"https:\/\/www.dabusarquitetura.com.br\/blog\/\"},{\"@type\":\"ListItem\",\"position\":2,\"name\":\"Como a sustentabilidade deve ser encarada nas organiza\u00e7\u00f5es\"}]},{\"@type\":\"WebSite\",\"@id\":\"https:\/\/www.dabusarquitetura.com.br\/blog\/#website\",\"url\":\"https:\/\/www.dabusarquitetura.com.br\/blog\/\",\"name\":\"DABUS ARQUITETURA\",\"description\":\"Arquitetura Corporativa\",\"potentialAction\":[{\"@type\":\"SearchAction\",\"target\":{\"@type\":\"EntryPoint\",\"urlTemplate\":\"https:\/\/www.dabusarquitetura.com.br\/blog\/?s={search_term_string}\"},\"query-input\":\"required name=search_term_string\"}],\"inLanguage\":\"pt-BR\"},{\"@type\":\"Person\",\"@id\":\"https:\/\/www.dabusarquitetura.com.br\/blog\/#\/schema\/person\/978b78d74759412a1cd43634996237c4\",\"name\":\"heloisa.dabus\",\"image\":{\"@type\":\"ImageObject\",\"inLanguage\":\"pt-BR\",\"@id\":\"https:\/\/www.dabusarquitetura.com.br\/blog\/#\/schema\/person\/image\/\",\"url\":\"https:\/\/secure.gravatar.com\/avatar\/4078f4f8e54fb70a99a5e9edc642ecb1?s=96&d=mm&r=g\",\"contentUrl\":\"https:\/\/secure.gravatar.com\/avatar\/4078f4f8e54fb70a99a5e9edc642ecb1?s=96&d=mm&r=g\",\"caption\":\"heloisa.dabus\"},\"url\":\"https:\/\/www.dabusarquitetura.com.br\/blog\/author\/heloisa-dabus\/\"}]}<\/script>\n<!-- \/ Yoast SEO plugin. -->","yoast_head_json":{"title":"Como a sustentabilidade deve ser encarada nas organiza\u00e7\u00f5es - DABUS ARQUITETURA","robots":{"index":"index","follow":"follow","max-snippet":"max-snippet:-1","max-image-preview":"max-image-preview:large","max-video-preview":"max-video-preview:-1"},"canonical":"https:\/\/www.dabusarquitetura.com.br\/blog\/como-sustentabilidade-encarada-organizacoes\/","og_locale":"pt_BR","og_type":"article","og_title":"Como a sustentabilidade deve ser encarada nas organiza\u00e7\u00f5es - DABUS ARQUITETURA","og_description":"Fonte: Office of Sustainability. Muitos veem o assunto como um modismo, deixando para os outros a responsabilidade de assumir uma postura realmente comprometida com o [&hellip;]","og_url":"https:\/\/www.dabusarquitetura.com.br\/blog\/como-sustentabilidade-encarada-organizacoes\/","og_site_name":"DABUS ARQUITETURA","article_published_time":"2015-09-03T10:00:39+00:00","article_modified_time":"2015-09-03T03:27:53+00:00","og_image":[{"url":"http:\/\/www.dabus.com.br\/blog\/wp-content\/uploads\/2015\/09\/sustentabilidade-organizacoes.jpg"}],"author":"heloisa.dabus","twitter_card":"summary_large_image","twitter_misc":{"Escrito por":"heloisa.dabus","Est. tempo de leitura":"3 minutos"},"schema":{"@context":"https:\/\/schema.org","@graph":[{"@type":"WebPage","@id":"https:\/\/www.dabusarquitetura.com.br\/blog\/como-sustentabilidade-encarada-organizacoes\/","url":"https:\/\/www.dabusarquitetura.com.br\/blog\/como-sustentabilidade-encarada-organizacoes\/","name":"Como a sustentabilidade deve ser encarada nas organiza\u00e7\u00f5es - DABUS ARQUITETURA","isPartOf":{"@id":"https:\/\/www.dabusarquitetura.com.br\/blog\/#website"},"datePublished":"2015-09-03T10:00:39+00:00","dateModified":"2015-09-03T03:27:53+00:00","author":{"@id":"https:\/\/www.dabusarquitetura.com.br\/blog\/#\/schema\/person\/978b78d74759412a1cd43634996237c4"},"breadcrumb":{"@id":"https:\/\/www.dabusarquitetura.com.br\/blog\/como-sustentabilidade-encarada-organizacoes\/#breadcrumb"},"inLanguage":"pt-BR","potentialAction":[{"@type":"ReadAction","target":["https:\/\/www.dabusarquitetura.com.br\/blog\/como-sustentabilidade-encarada-organizacoes\/"]}]},{"@type":"BreadcrumbList","@id":"https:\/\/www.dabusarquitetura.com.br\/blog\/como-sustentabilidade-encarada-organizacoes\/#breadcrumb","itemListElement":[{"@type":"ListItem","position":1,"name":"In\u00edcio","item":"https:\/\/www.dabusarquitetura.com.br\/blog\/"},{"@type":"ListItem","position":2,"name":"Como a sustentabilidade deve ser encarada nas organiza\u00e7\u00f5es"}]},{"@type":"WebSite","@id":"https:\/\/www.dabusarquitetura.com.br\/blog\/#website","url":"https:\/\/www.dabusarquitetura.com.br\/blog\/","name":"DABUS ARQUITETURA","description":"Arquitetura Corporativa","potentialAction":[{"@type":"SearchAction","target":{"@type":"EntryPoint","urlTemplate":"https:\/\/www.dabusarquitetura.com.br\/blog\/?s={search_term_string}"},"query-input":"required name=search_term_string"}],"inLanguage":"pt-BR"},{"@type":"Person","@id":"https:\/\/www.dabusarquitetura.com.br\/blog\/#\/schema\/person\/978b78d74759412a1cd43634996237c4","name":"heloisa.dabus","image":{"@type":"ImageObject","inLanguage":"pt-BR","@id":"https:\/\/www.dabusarquitetura.com.br\/blog\/#\/schema\/person\/image\/","url":"https:\/\/secure.gravatar.com\/avatar\/4078f4f8e54fb70a99a5e9edc642ecb1?s=96&d=mm&r=g","contentUrl":"https:\/\/secure.gravatar.com\/avatar\/4078f4f8e54fb70a99a5e9edc642ecb1?s=96&d=mm&r=g","caption":"heloisa.dabus"},"url":"https:\/\/www.dabusarquitetura.com.br\/blog\/author\/heloisa-dabus\/"}]}},"_links":{"self":[{"href":"https:\/\/www.dabusarquitetura.com.br\/blog\/wp-json\/wp\/v2\/posts\/10347"}],"collection":[{"href":"https:\/\/www.dabusarquitetura.com.br\/blog\/wp-json\/wp\/v2\/posts"}],"about":[{"href":"https:\/\/www.dabusarquitetura.com.br\/blog\/wp-json\/wp\/v2\/types\/post"}],"author":[{"embeddable":true,"href":"https:\/\/www.dabusarquitetura.com.br\/blog\/wp-json\/wp\/v2\/users\/3"}],"replies":[{"embeddable":true,"href":"https:\/\/www.dabusarquitetura.com.br\/blog\/wp-json\/wp\/v2\/comments?post=10347"}],"version-history":[{"count":0,"href":"https:\/\/www.dabusarquitetura.com.br\/blog\/wp-json\/wp\/v2\/posts\/10347\/revisions"}],"wp:attachment":[{"href":"https:\/\/www.dabusarquitetura.com.br\/blog\/wp-json\/wp\/v2\/media?parent=10347"}],"wp:term":[{"taxonomy":"category","embeddable":true,"href":"https:\/\/www.dabusarquitetura.com.br\/blog\/wp-json\/wp\/v2\/categories?post=10347"},{"taxonomy":"post_tag","embeddable":true,"href":"https:\/\/www.dabusarquitetura.com.br\/blog\/wp-json\/wp\/v2\/tags?post=10347"}],"curies":[{"name":"wp","href":"https:\/\/api.w.org\/{rel}","templated":true}]}}